{"id":13242,"date":"2026-08-14T09:09:48","date_gmt":"2026-08-14T09:09:48","guid":{"rendered":"https:\/\/library.appyard.uk\/najnowsza-publikacja-biblioteki-polskiej-posk-w-londynie-z-ostatniej-sesji-naukowej-milosz-i-inni-oraz-o-procesie-tworczym-pisarza\/"},"modified":"2026-08-30T21:21:14","modified_gmt":"2026-08-30T21:21:14","slug":"najnowsza-publikacja-biblioteki-polskiej-posk-w-londynie-z-ostatniej-sesji-naukowej-milosz-i-inni-oraz-o-procesie-tworczym-pisarza","status":"publish","type":"post","link":"https:\/\/library.appyard.uk\/en\/najnowsza-publikacja-biblioteki-polskiej-posk-w-londynie-z-ostatniej-sesji-naukowej-milosz-i-inni-oraz-o-procesie-tworczym-pisarza\/","title":{"rendered":"Najnowsza publikacja Biblioteki Polskiej POSK w Londynie z ostatniej sesji naukowej &#8222;Mi\u0142osz i inni oraz o procesie tw\u00f3rczym pisarza&#8221;"},"content":{"rendered":"<p>Wczoraj prosto z drukarni dotar\u0142a do nas najnowsza publikacja Biblioteki Polskiej POSK w Londynie z ostatniej sesji naukowej &#8222;Mi\u0142osz i inni oraz o procesie tw\u00f3rczym pisarza&#8221; pod redakcj\u0105 dr Dobros\u0142awy Platt.<\/p>\n<p><br class=\"html-br\" \/>Sesja odby\u0142a si\u0119 27 wrze\u015bnia 2025 w Sali Malinowej POSK.<br class=\"html-br\" \/>Z publikacj\u0105 mo\u017cna zapozna\u0107 si\u0119 w naszej Bibliotece.<\/p>\n<p>\u00a0<\/p>\n\n\n<figure class=\"wp-block-image size-large\"><a href=\"https:\/\/polishlibrarylondon.co.uk\/wp-content\/uploads\/2026\/08\/Publikacja-2-scaled.jpg\"><img decoding=\"async\" src=\"https:\/\/polishlibrarylondon.co.uk\/wp-content\/uploads\/2026\/08\/Publikacja-2-1024x768.jpg\" alt=\"\" class=\"wp-image-23205\"\/><\/a><\/figure>\n\n\n\n<p class=\"wp-block-paragraph\"><\/p>","protected":false},"excerpt":{"rendered":"<p>Wczoraj prosto z drukarni dotar\u0142a do nas najnowsza publikacja Biblioteki Polskiej POSK w Londynie z ostatniej sesji naukowej &#8222;Mi\u0142osz i inni oraz o procesie tw\u00f3rczym pisarza&#8221; pod redakcj\u0105 dr Dobros\u0142awy Platt. Sesja odby\u0142a si\u0119 27 wrze\u015bnia 2025 w Sali Malinowej POSK.Z publikacj\u0105 mo\u017cna zapozna\u0107 si\u0119 w naszej Bibliotece. \u00a0<\/p>","protected":false},"author":0,"featured_media":12690,"comment_status":"closed","ping_status":"open","sticky":false,"template":"","format":"standard","meta":{"_breakdance_hide_in_design_set":false,"_breakdance_tags":"","footnotes":""},"categories":[],"tags":[],"class_list":["post-13242","post","type-post","status-publish","format-standard","has-post-thumbnail","hentry"],"meta_box":{"event_date":"","event_location":"","event_gallery":[],"external_link":""},"_links":{"self":[{"href":"https:\/\/library.appyard.uk\/en\/wp-json\/wp\/v2\/posts\/13242","targetHints":{"allow":["GET"]}}],"collection":[{"href":"https:\/\/library.appyard.uk\/en\/wp-json\/wp\/v2\/posts"}],"about":[{"href":"https:\/\/library.appyard.uk\/en\/wp-json\/wp\/v2\/types\/post"}],"replies":[{"embeddable":true,"href":"https:\/\/library.appyard.uk\/en\/wp-json\/wp\/v2\/comments?post=13242"}],"version-history":[{"count":1,"href":"https:\/\/library.appyard.uk\/en\/wp-json\/wp\/v2\/posts\/13242\/revisions"}],"predecessor-version":[{"id":13623,"href":"https:\/\/library.appyard.uk\/en\/wp-json\/wp\/v2\/posts\/13242\/revisions\/13623"}],"wp:featuredmedia":[{"embeddable":true,"href":"https:\/\/library.appyard.uk\/en\/wp-json\/wp\/v2\/media\/12690"}],"wp:attachment":[{"href":"https:\/\/library.appyard.uk\/en\/wp-json\/wp\/v2\/media?parent=13242"}],"wp:term":[{"taxonomy":"category","embeddable":true,"href":"https:\/\/library.appyard.uk\/en\/wp-json\/wp\/v2\/categories?post=13242"},{"taxonomy":"post_tag","embeddable":true,"href":"https:\/\/library.appyard.uk\/en\/wp-json\/wp\/v2\/tags?post=13242"}],"curies":[{"name":"wp","href":"https:\/\/api.w.org\/{rel}","templated":true}]}}