{"id":13241,"date":"2026-08-12T09:14:08","date_gmt":"2026-08-12T09:14:08","guid":{"rendered":"https:\/\/library.appyard.uk\/sesja-naukowa-pisarze-emigracyjni\/"},"modified":"2026-08-30T21:21:14","modified_gmt":"2026-08-30T21:21:14","slug":"sesja-naukowa-pisarze-emigracyjni","status":"publish","type":"post","link":"https:\/\/library.appyard.uk\/en\/sesja-naukowa-pisarze-emigracyjni\/","title":{"rendered":"Sesja naukowa: Pisarze emigracyjni"},"content":{"rendered":"<p>Biblioteka Polska POSK w Londynie zaprasza 26 wrze\u015bnia 2026 na pi\u0105t\u0105 z kolei sesj\u0119 naukow\u0105. Tym razem sesja po\u015bwi\u0119cona b\u0119dzie pisarzom emigracyjnym. Bohaterami wyk\u0142ad\u00f3w i dyskusji b\u0119d\u0105: Barbara Toporska, Ferdynand Goetel, Zygmunt Haupt, Sergiusz Piasecki oraz Czes\u0142aw Straszewicz.<br \/>Zapraszamy do Czytelni Biblioteki 26 wrze\u015bnia od godz. 10:00 do 16:30.<br \/>Wst\u0119p wolny.<br \/>Ze wzgl\u0119du na ograniczon\u0105 liczb\u0119 miejsc, zapisy przyjmowane s\u0105 do 20 wrze\u015bnia pod adresem: <a href=\"mailto:library@polishlibraryposk.org.uk\">library@polishlibraryposk.org.uk<\/a>, tel. 020-8741-0474.<br \/>Publikacje z wcze\u015bniejszych sesji mo\u017cna naby\u0107 w Bibliotece.<\/p>\n\n\n<figure class=\"wp-block-image size-large\"><a href=\"https:\/\/polishlibrarylondon.co.uk\/wp-content\/uploads\/2026\/08\/BP_PISARZE_EMIGRACYJNI_PROGRAM_corr_FACEBOOK-scaled.jpg\"><img decoding=\"async\" src=\"https:\/\/polishlibrarylondon.co.uk\/wp-content\/uploads\/2026\/08\/BP_PISARZE_EMIGRACYJNI_PROGRAM_corr_FACEBOOK-724x1024.jpg\" alt=\"\" class=\"wp-image-23209\"\/><\/a><\/figure>","protected":false},"excerpt":{"rendered":"<p>Biblioteka Polska POSK w Londynie zaprasza 26 wrze\u015bnia 2026 na pi\u0105t\u0105 z kolei sesj\u0119 naukow\u0105. Tym razem sesja po\u015bwi\u0119cona b\u0119dzie pisarzom emigracyjnym. Bohaterami wyk\u0142ad\u00f3w i dyskusji b\u0119d\u0105: Barbara Toporska, Ferdynand Goetel, Zygmunt Haupt, Sergiusz Piasecki oraz Czes\u0142aw Straszewicz.Zapraszamy do Czytelni Biblioteki 26 wrze\u015bnia od godz. 10:00 do 16:30.Wst\u0119p wolny.Ze wzgl\u0119du na ograniczon\u0105 liczb\u0119 miejsc, zapisy [&hellip;]<\/p>\n","protected":false},"author":0,"featured_media":12700,"comment_status":"closed","ping_status":"open","sticky":false,"template":"","format":"standard","meta":{"_breakdance_hide_in_design_set":false,"_breakdance_tags":"","footnotes":""},"categories":[],"tags":[],"class_list":["post-13241","post","type-post","status-publish","format-standard","has-post-thumbnail","hentry"],"meta_box":{"event_date":"","event_location":"","event_gallery":[],"external_link":""},"_links":{"self":[{"href":"https:\/\/library.appyard.uk\/en\/wp-json\/wp\/v2\/posts\/13241","targetHints":{"allow":["GET"]}}],"collection":[{"href":"https:\/\/library.appyard.uk\/en\/wp-json\/wp\/v2\/posts"}],"about":[{"href":"https:\/\/library.appyard.uk\/en\/wp-json\/wp\/v2\/types\/post"}],"replies":[{"embeddable":true,"href":"https:\/\/library.appyard.uk\/en\/wp-json\/wp\/v2\/comments?post=13241"}],"version-history":[{"count":1,"href":"https:\/\/library.appyard.uk\/en\/wp-json\/wp\/v2\/posts\/13241\/revisions"}],"predecessor-version":[{"id":13622,"href":"https:\/\/library.appyard.uk\/en\/wp-json\/wp\/v2\/posts\/13241\/revisions\/13622"}],"wp:featuredmedia":[{"embeddable":true,"href":"https:\/\/library.appyard.uk\/en\/wp-json\/wp\/v2\/media\/12700"}],"wp:attachment":[{"href":"https:\/\/library.appyard.uk\/en\/wp-json\/wp\/v2\/media?parent=13241"}],"wp:term":[{"taxonomy":"category","embeddable":true,"href":"https:\/\/library.appyard.uk\/en\/wp-json\/wp\/v2\/categories?post=13241"},{"taxonomy":"post_tag","embeddable":true,"href":"https:\/\/library.appyard.uk\/en\/wp-json\/wp\/v2\/tags?post=13241"}],"curies":[{"name":"wp","href":"https:\/\/api.w.org\/{rel}","templated":true}]}}