{"id":13239,"date":"2026-08-05T11:21:30","date_gmt":"2026-08-05T11:21:30","guid":{"rendered":"https:\/\/library.appyard.uk\/102-lata-temu-zmarl-joseph-conrad\/"},"modified":"2026-08-30T21:21:14","modified_gmt":"2026-08-30T21:21:14","slug":"102-lata-temu-zmarl-joseph-conrad","status":"publish","type":"post","link":"https:\/\/library.appyard.uk\/en\/102-lata-temu-zmarl-joseph-conrad\/","title":{"rendered":"102 lata temu zmar\u0142 Joseph Conrad"},"content":{"rendered":"<p><strong>Joseph Conrad zmar\u0142 na zawa\u0142 serca o godzinie 8:30 w niedziel\u0119 3 sierpnia 1924 roku w swojej ma\u0142ej sypialni w domu w Oswalds, Bishopsbourne Kent, kt\u00f3ry Conradowie wynajmowali od pa\u017adziernika 1919 roku.<\/strong><\/p>\n<p>Dzie\u0144 wcze\u015bniej odczuwa\u0142 b\u00f3le w klatce piersiowej. W nocy mia\u0142 trudno\u015bci z oddychaniem. Rano jego \u017cona Jessie, unieruchomiona po niedawnej operacji kolana, rozmawia\u0142a z nim z \u0142\u00f3\u017cka w s\u0105siednim pokoju i s\u0142ysza\u0142a, jak upada z krzes\u0142a na pod\u0142og\u0119.<\/p>\n<p>Pisarz zosta\u0142 pochowany na cmentarzu Canterbury 7 sierpnia 1924. Pogrzeb by\u0142 kameralny, uczestniczy\u0142o w nim oko\u0142o sze\u015b\u0107dziesi\u0119ciu os\u00f3b, w tym najbli\u017csza rodzina, kilku przyjaci\u00f3\u0142 i Edward Raczy\u0144ski, reprezentuj\u0105cy polski rz\u0105d. Przyjaciel Conrada, Robert Cunninghame Graham, kt\u00f3ry uczestniczy\u0142 w pogrzebie i napisa\u0142 z niego relacj\u0119 dla \u201eSaturday Review\u201d, w kt\u00f3rej wyrazi\u0142 oburzenie faktem, \u017ce nie dosz\u0142o do oficjalnego uznania pisarza przez Brytyjczyk\u00f3w.<\/p>\n<p>Powy\u017cszy fragment pochodzi z ksi\u0105\u017cki \u201eJoseph Conrad. The Centennial Appraisal\u201d w opracowaniu Johna G. Petersa I Chandrakanta Langare.<\/p>\n<p>W\u0142a\u015bnie mija 102 rocznica \u015bmierci J\u00f3zefa Korzeniowskiego, urodzonego w Polsce w 1857, kt\u00f3ry pisa\u0142 w j\u0119zyku angielskim pod pseudonimem Joseph Conrad.<\/p>\n<p>Biblioteka Polska POSK w Londynie od pocz\u0105tku dzia\u0142alno\u015bci, a wi\u0119c od 1942 r., kolekcjonuje dzie\u0142a Conrada zar\u00f3wno w j\u0119zyku orygina\u0142u, jak i w t\u0142umaczeniach, a tak\u017ce publikacje w r\u00f3\u017cnych j\u0119zykach dotycz\u0105ce Conrada i jego dzie\u0142.<\/p>\n<p>We wrze\u015bniu 2024 Biblioteka zorganizowa\u0142a sesj\u0119 naukow\u0105 w 100 lat po \u015bmierci pisarza. Conrad Joseph znany jest przede wszystkim jako autor powie\u015bci &#8222;J\u0105dro ciemno\u015bci&#8221;, uznawanej za jedno z najwa\u017cniejszych dzie\u0142 literatury angielskiej XX wieku. Kluczowymi motywami w tw\u00f3rczo\u015bci Conrada Josepha s\u0105 mrok ludzkiej natury, alienacja jednostki oraz absurd i okrucie\u0144stwo istnienia.<\/p>\n<p>Najwa\u017cniejsze dzie\u0142a Conrada Josepha to m.in. &#8222;Lord Jim&#8221;, &#8222;Tajny agent&#8221; oraz &#8222;Nostromo&#8221;.<\/p>\n<p>Conrad uwa\u017cany jest za jednego z najwa\u017cniejszych pisarzy tworz\u0105cych w j\u0119zyku angielskim. Jest tak\u017ce uwa\u017cany za jednego z najwybitniejszych pisarzy XX wieku. Tym bardziej zach\u0119camy do odwiedzenia nas i zapoznania si\u0119 z dzie\u0142ami tego wybitnego pisarza.<\/p>","protected":false},"excerpt":{"rendered":"<p>Joseph Conrad zmar\u0142 na zawa\u0142 serca o godzinie 8:30 w niedziel\u0119 3 sierpnia 1924 roku w swojej ma\u0142ej sypialni w domu w Oswalds, Bishopsbourne Kent, kt\u00f3ry Conradowie wynajmowali od pa\u017adziernika 1919 roku. Dzie\u0144 wcze\u015bniej odczuwa\u0142 b\u00f3le w klatce piersiowej. W nocy mia\u0142 trudno\u015bci z oddychaniem. Rano jego \u017cona Jessie, unieruchomiona po niedawnej operacji kolana, rozmawia\u0142a [&hellip;]<\/p>\n","protected":false},"author":0,"featured_media":12694,"comment_status":"closed","ping_status":"open","sticky":false,"template":"","format":"standard","meta":{"_breakdance_hide_in_design_set":false,"_breakdance_tags":"","footnotes":""},"categories":[],"tags":[],"class_list":["post-13239","post","type-post","status-publish","format-standard","has-post-thumbnail","hentry"],"meta_box":{"event_date":"","event_location":"","event_gallery":[],"external_link":""},"_links":{"self":[{"href":"https:\/\/library.appyard.uk\/en\/wp-json\/wp\/v2\/posts\/13239","targetHints":{"allow":["GET"]}}],"collection":[{"href":"https:\/\/library.appyard.uk\/en\/wp-json\/wp\/v2\/posts"}],"about":[{"href":"https:\/\/library.appyard.uk\/en\/wp-json\/wp\/v2\/types\/post"}],"replies":[{"embeddable":true,"href":"https:\/\/library.appyard.uk\/en\/wp-json\/wp\/v2\/comments?post=13239"}],"version-history":[{"count":1,"href":"https:\/\/library.appyard.uk\/en\/wp-json\/wp\/v2\/posts\/13239\/revisions"}],"predecessor-version":[{"id":13620,"href":"https:\/\/library.appyard.uk\/en\/wp-json\/wp\/v2\/posts\/13239\/revisions\/13620"}],"wp:featuredmedia":[{"embeddable":true,"href":"https:\/\/library.appyard.uk\/en\/wp-json\/wp\/v2\/media\/12694"}],"wp:attachment":[{"href":"https:\/\/library.appyard.uk\/en\/wp-json\/wp\/v2\/media?parent=13239"}],"wp:term":[{"taxonomy":"category","embeddable":true,"href":"https:\/\/library.appyard.uk\/en\/wp-json\/wp\/v2\/categories?post=13239"},{"taxonomy":"post_tag","embeddable":true,"href":"https:\/\/library.appyard.uk\/en\/wp-json\/wp\/v2\/tags?post=13239"}],"curies":[{"name":"wp","href":"https:\/\/api.w.org\/{rel}","templated":true}]}}