{"id":13238,"date":"2026-07-09T12:01:57","date_gmt":"2026-07-09T12:01:57","guid":{"rendered":"https:\/\/library.appyard.uk\/wizyta-naczelnego-dyrektora-archiwow-panstwowych-w-bibliotece-polskiej-posk-w-londynie\/"},"modified":"2026-08-30T21:21:14","modified_gmt":"2026-08-30T21:21:14","slug":"wizyta-naczelnego-dyrektora-archiwow-panstwowych-w-bibliotece-polskiej-posk-w-londynie","status":"publish","type":"post","link":"https:\/\/library.appyard.uk\/en\/wizyta-naczelnego-dyrektora-archiwow-panstwowych-w-bibliotece-polskiej-posk-w-londynie\/","title":{"rendered":"Wizyta Naczelnego Dyrektora Archiw\u00f3w Pa\u0144stwowych w Bibliotece Polskiej POSK w Londynie"},"content":{"rendered":"<p>9 lipca Bibliotek\u0119 odwiedzi\u0142 Naczelny Dyrektor Archiw\u00f3w Pa\u0144stwowych, dr Pawe\u0142 Pietrzyk wraz z Ann\u0105 Matejak, dyrektorem Departamentu Popularyzacji Dzia\u0142alno\u015bci Archiwalnej. Naczelny Dyrektor Archiw\u00f3w Pa\u0144stwowych stoi na czele pa\u0144stwowej sieci archiwalnej. Zakres jego dzia\u0142ania obejmuje m.in. koordynacj\u0119 dzia\u0142alno\u015bci archiwalnej na terenie pa\u0144stwa a tak\u017ce nadz\u00f3r nad gromadzeniem, ewidencjonowaniem, przechowywaniem, opracowywaniem, udost\u0119pnianiem i zabezpieczaniem materia\u0142\u00f3w archiwalnych.<\/p>\n<p>\u00a0<\/p>\n\n\n<figure class=\"wp-block-image size-large\"><a href=\"https:\/\/polishlibrarylondon.co.uk\/wp-content\/uploads\/2026\/07\/8-scaled.jpg\"><img decoding=\"async\" src=\"https:\/\/polishlibrarylondon.co.uk\/wp-content\/uploads\/2026\/07\/8-1024x768.jpg\" alt=\"\" class=\"wp-image-23153\"\/><\/a><\/figure>\n\n\n\n<figure class=\"wp-block-image size-large\"><a href=\"https:\/\/polishlibrarylondon.co.uk\/wp-content\/uploads\/2026\/07\/1-scaled.jpg\"><img decoding=\"async\" src=\"https:\/\/polishlibrarylondon.co.uk\/wp-content\/uploads\/2026\/07\/1-1024x768.jpg\" alt=\"\" class=\"wp-image-23156\"\/><\/a><\/figure>\n\n\n\n<figure class=\"wp-block-image size-large\"><a href=\"https:\/\/polishlibrarylondon.co.uk\/wp-content\/uploads\/2026\/07\/2-scaled.jpg\"><img decoding=\"async\" src=\"https:\/\/polishlibrarylondon.co.uk\/wp-content\/uploads\/2026\/07\/2-1024x768.jpg\" alt=\"\" class=\"wp-image-23158\"\/><\/a><\/figure>\n\n\n\n<figure class=\"wp-block-image size-large\"><a href=\"https:\/\/polishlibrarylondon.co.uk\/wp-content\/uploads\/2026\/07\/3-scaled.jpg\"><img decoding=\"async\" src=\"https:\/\/polishlibrarylondon.co.uk\/wp-content\/uploads\/2026\/07\/3-768x1024.jpg\" alt=\"\" class=\"wp-image-23160\"\/><\/a><\/figure>\n\n\n\n<figure class=\"wp-block-image size-large\"><a href=\"https:\/\/polishlibrarylondon.co.uk\/wp-content\/uploads\/2026\/07\/4-scaled.jpg\"><img decoding=\"async\" src=\"https:\/\/polishlibrarylondon.co.uk\/wp-content\/uploads\/2026\/07\/4-768x1024.jpg\" alt=\"\" class=\"wp-image-23162\"\/><\/a><\/figure>\n\n\n\n<figure class=\"wp-block-image size-large\"><a href=\"https:\/\/polishlibrarylondon.co.uk\/wp-content\/uploads\/2026\/07\/5-scaled.jpg\"><img decoding=\"async\" src=\"https:\/\/polishlibrarylondon.co.uk\/wp-content\/uploads\/2026\/07\/5-1024x673.jpg\" alt=\"\" class=\"wp-image-23164\"\/><\/a><\/figure>\n\n\n\n<figure class=\"wp-block-image size-large\"><a href=\"https:\/\/polishlibrarylondon.co.uk\/wp-content\/uploads\/2026\/07\/10-scaled.jpg\"><img decoding=\"async\" src=\"https:\/\/polishlibrarylondon.co.uk\/wp-content\/uploads\/2026\/07\/10-1024x768.jpg\" alt=\"\" class=\"wp-image-23166\"\/><\/a><\/figure>\n\n\n\n<figure class=\"wp-block-image size-large\"><a href=\"https:\/\/polishlibrarylondon.co.uk\/wp-content\/uploads\/2026\/07\/12-scaled.jpg\"><img decoding=\"async\" src=\"https:\/\/polishlibrarylondon.co.uk\/wp-content\/uploads\/2026\/07\/12-768x1024.jpg\" alt=\"\" class=\"wp-image-23168\"\/><\/a><\/figure>","protected":false},"excerpt":{"rendered":"<p>9 lipca Bibliotek\u0119 odwiedzi\u0142 Naczelny Dyrektor Archiw\u00f3w Pa\u0144stwowych, dr Pawe\u0142 Pietrzyk wraz z Ann\u0105 Matejak, dyrektorem Departamentu Popularyzacji Dzia\u0142alno\u015bci Archiwalnej. Naczelny Dyrektor Archiw\u00f3w Pa\u0144stwowych stoi na czele pa\u0144stwowej sieci archiwalnej. Zakres jego dzia\u0142ania obejmuje m.in. koordynacj\u0119 dzia\u0142alno\u015bci archiwalnej na terenie pa\u0144stwa a tak\u017ce nadz\u00f3r nad gromadzeniem, ewidencjonowaniem, przechowywaniem, opracowywaniem, udost\u0119pnianiem i zabezpieczaniem materia\u0142\u00f3w archiwalnych. \u00a0<\/p>","protected":false},"author":0,"featured_media":12670,"comment_status":"closed","ping_status":"open","sticky":false,"template":"","format":"standard","meta":{"_breakdance_hide_in_design_set":false,"_breakdance_tags":"","footnotes":""},"categories":[],"tags":[],"class_list":["post-13238","post","type-post","status-publish","format-standard","has-post-thumbnail","hentry"],"meta_box":{"event_date":"","event_location":"","event_gallery":[],"external_link":""},"_links":{"self":[{"href":"https:\/\/library.appyard.uk\/en\/wp-json\/wp\/v2\/posts\/13238","targetHints":{"allow":["GET"]}}],"collection":[{"href":"https:\/\/library.appyard.uk\/en\/wp-json\/wp\/v2\/posts"}],"about":[{"href":"https:\/\/library.appyard.uk\/en\/wp-json\/wp\/v2\/types\/post"}],"replies":[{"embeddable":true,"href":"https:\/\/library.appyard.uk\/en\/wp-json\/wp\/v2\/comments?post=13238"}],"version-history":[{"count":1,"href":"https:\/\/library.appyard.uk\/en\/wp-json\/wp\/v2\/posts\/13238\/revisions"}],"predecessor-version":[{"id":13619,"href":"https:\/\/library.appyard.uk\/en\/wp-json\/wp\/v2\/posts\/13238\/revisions\/13619"}],"wp:featuredmedia":[{"embeddable":true,"href":"https:\/\/library.appyard.uk\/en\/wp-json\/wp\/v2\/media\/12670"}],"wp:attachment":[{"href":"https:\/\/library.appyard.uk\/en\/wp-json\/wp\/v2\/media?parent=13238"}],"wp:term":[{"taxonomy":"category","embeddable":true,"href":"https:\/\/library.appyard.uk\/en\/wp-json\/wp\/v2\/categories?post=13238"},{"taxonomy":"post_tag","embeddable":true,"href":"https:\/\/library.appyard.uk\/en\/wp-json\/wp\/v2\/tags?post=13238"}],"curies":[{"name":"wp","href":"https:\/\/api.w.org\/{rel}","templated":true}]}}