{"id":13225,"date":"2026-03-12T12:23:10","date_gmt":"2026-03-12T12:23:10","guid":{"rendered":"https:\/\/library.appyard.uk\/biblioteka-polska-posk-w-londynie-zyskala-nowa-czytelnie\/"},"modified":"2026-08-30T21:21:13","modified_gmt":"2026-08-30T21:21:13","slug":"biblioteka-polska-posk-w-londynie-zyskala-nowa-czytelnie","status":"publish","type":"post","link":"https:\/\/library.appyard.uk\/en\/biblioteka-polska-posk-w-londynie-zyskala-nowa-czytelnie\/","title":{"rendered":"Biblioteka Polska POSK w Londynie zyska\u0142a now\u0105 Czytelni\u0119"},"content":{"rendered":"<p><strong>W czwartek 26 lutego 2026 w Polskim O\u015brodku Spo\u0142eczno-Kulturalnym w Londynie uroczy\u015bcie otwarto nowo wyremontowan\u0105 Czytelni\u0119 Biblioteki Polskiej. Po wielu latach stara\u0144, dzi\u0119ki zabudowie tarasu, Biblioteka zyska\u0142a now\u0105, pi\u0119kn\u0105 przestrze\u0144 dla czytelnik\u00f3w.<\/strong><\/p>\n<p>Biblioteka Polska w Londynie zosta\u0142a za\u0142o\u017cona w 1942 roku przez \u00f3wczesny Rz\u0105d Rzeczypospolitej Polskiej na obczy\u017anie. Przez pierwsze lata dzia\u0142alno\u015bci dzia\u0142a\u0142a przy 9 Princes Gardens, by w 1977 roku przenie\u015b\u0107 si\u0119 do budynku POSK.<\/p>\n<p>Rega\u0142y, przeznaczone na przechowywanie zbior\u00f3w, fundowali Polacy z ca\u0142ego \u015bwiata. Biblioteka co jaki\u015b czas zakupuje nowe woluminy, ale te\u017c pozyskuje je z darowizn.<\/p>\n<p>Plac\u00f3wka utrzymuje si\u0119 ze \u015brodk\u00f3w POSK, ale tak\u017ce zapis\u00f3w testamentowych i dar\u00f3w pieni\u0119\u017cnych polskiej spo\u0142eczno\u015bci. Od 2020 roku, realizuj\u0105c program \u201eWspieranie archiw\u00f3w, bibliotek i muze\u00f3w poza krajem\u201d, jest tak\u017ce wsp\u00f3\u0142finansowana przez Ministerstwo Kultury i Dziedzictwa Narodowego.<\/p>\n<p>W 2021 roku dyrektor Dobros\u0142awa Platt zaproponowa\u0142a zabudow\u0119 drugiego tarasu, by powi\u0119kszy\u0107 powierzchni\u0119 og\u00f3lnie dost\u0119pnej Czytelni. W 2022 roku od gminy Hammersmith and Fulham uzyskano zgod\u0119 na budow\u0119, a w 2023 powsta\u0142 projekt architektoniczny Katarzyny i Olivera Wilton\u00f3w.<\/p>\n<p>Remont Czytelni Biblioteki Polskiej, zrealizowany dzi\u0119ki zapisom testamentowym dr. Zdzis\u0142awa Jagodzi\u0144skiego i prof. Markety Goetz-Stankiewicz, darowi Zofii Jancewicz oraz wsparciu finansowemu POSK, zako\u0144czy\u0142 si\u0119 16 lutego br.<\/p>\n<p>\u00a0<\/p>\n\n\n<figure class=\"wp-block-image size-large\"><a href=\"https:\/\/polishlibrarylondon.co.uk\/wp-content\/uploads\/2026\/03\/644255565_122177172650868833_2842528864528624998_n.jpg\"><img decoding=\"async\" src=\"https:\/\/polishlibrarylondon.co.uk\/wp-content\/uploads\/2026\/03\/644255565_122177172650868833_2842528864528624998_n-768x1024.jpg\" alt=\"\" class=\"wp-image-19188\"\/><\/a><\/figure>\n\n\n\n<figure class=\"wp-block-image size-large\"><a href=\"https:\/\/polishlibrarylondon.co.uk\/wp-content\/uploads\/2026\/03\/643331473_122177172536868833_7584545820459333459_n.jpg\"><img decoding=\"async\" src=\"https:\/\/polishlibrarylondon.co.uk\/wp-content\/uploads\/2026\/03\/643331473_122177172536868833_7584545820459333459_n-1024x768.jpg\" alt=\"\" class=\"wp-image-19190\"\/><\/a><\/figure>\n\n\n\n<figure class=\"wp-block-image size-large\"><a href=\"https:\/\/polishlibrarylondon.co.uk\/wp-content\/uploads\/2026\/03\/642784502_122177188604868833_4710357302855750273_n.jpg\"><img decoding=\"async\" src=\"https:\/\/polishlibrarylondon.co.uk\/wp-content\/uploads\/2026\/03\/642784502_122177188604868833_4710357302855750273_n-768x1024.jpg\" alt=\"\" class=\"wp-image-19192\"\/><\/a><\/figure>\n\n\n\n<figure class=\"wp-block-image size-large\"><a href=\"https:\/\/polishlibrarylondon.co.uk\/wp-content\/uploads\/2026\/03\/641944476_122177207342868833_7533332117135388273_n.jpg\"><img decoding=\"async\" src=\"https:\/\/polishlibrarylondon.co.uk\/wp-content\/uploads\/2026\/03\/641944476_122177207342868833_7533332117135388273_n-768x1024.jpg\" alt=\"\" class=\"wp-image-19194\"\/><\/a><\/figure>\n\n\n\n<figure class=\"wp-block-image size-large\"><a href=\"https:\/\/polishlibrarylondon.co.uk\/wp-content\/uploads\/2026\/03\/643453881_122177207288868833_661465859398452379_n.jpg\"><img decoding=\"async\" src=\"https:\/\/polishlibrarylondon.co.uk\/wp-content\/uploads\/2026\/03\/643453881_122177207288868833_661465859398452379_n-768x1024.jpg\" alt=\"\" class=\"wp-image-19198\"\/><\/a><\/figure>\n\n\n\n<figure class=\"wp-block-image size-large\"><a href=\"https:\/\/polishlibrarylondon.co.uk\/wp-content\/uploads\/2026\/03\/641601780_122177188670868833_3730406193926785407_n.jpg\"><img decoding=\"async\" src=\"https:\/\/polishlibrarylondon.co.uk\/wp-content\/uploads\/2026\/03\/641601780_122177188670868833_3730406193926785407_n-768x1024.jpg\" alt=\"\" class=\"wp-image-19200\"\/><\/a><\/figure>\n\n\n\n<figure class=\"wp-block-image size-large\"><a href=\"https:\/\/polishlibrarylondon.co.uk\/wp-content\/uploads\/2026\/03\/1.jpg\"><img decoding=\"async\" src=\"https:\/\/polishlibrarylondon.co.uk\/wp-content\/uploads\/2026\/03\/1-768x1024.jpg\" alt=\"\" class=\"wp-image-19202\"\/><\/a><\/figure>","protected":false},"excerpt":{"rendered":"<p>W czwartek 26 lutego 2026 w Polskim O\u015brodku Spo\u0142eczno-Kulturalnym w Londynie uroczy\u015bcie otwarto nowo wyremontowan\u0105 Czytelni\u0119 Biblioteki Polskiej. Po wielu latach stara\u0144, dzi\u0119ki zabudowie tarasu, Biblioteka zyska\u0142a now\u0105, pi\u0119kn\u0105 przestrze\u0144 dla czytelnik\u00f3w. Biblioteka Polska w Londynie zosta\u0142a za\u0142o\u017cona w 1942 roku przez \u00f3wczesny Rz\u0105d Rzeczypospolitej Polskiej na obczy\u017anie. Przez pierwsze lata dzia\u0142alno\u015bci dzia\u0142a\u0142a przy 9 [&hellip;]<\/p>\n","protected":false},"author":0,"featured_media":12621,"comment_status":"closed","ping_status":"open","sticky":false,"template":"","format":"standard","meta":{"_breakdance_hide_in_design_set":false,"_breakdance_tags":"","footnotes":""},"categories":[],"tags":[],"class_list":["post-13225","post","type-post","status-publish","format-standard","has-post-thumbnail","hentry"],"meta_box":{"event_date":"","event_location":"","event_gallery":[],"external_link":""},"_links":{"self":[{"href":"https:\/\/library.appyard.uk\/en\/wp-json\/wp\/v2\/posts\/13225","targetHints":{"allow":["GET"]}}],"collection":[{"href":"https:\/\/library.appyard.uk\/en\/wp-json\/wp\/v2\/posts"}],"about":[{"href":"https:\/\/library.appyard.uk\/en\/wp-json\/wp\/v2\/types\/post"}],"replies":[{"embeddable":true,"href":"https:\/\/library.appyard.uk\/en\/wp-json\/wp\/v2\/comments?post=13225"}],"version-history":[{"count":1,"href":"https:\/\/library.appyard.uk\/en\/wp-json\/wp\/v2\/posts\/13225\/revisions"}],"predecessor-version":[{"id":13606,"href":"https:\/\/library.appyard.uk\/en\/wp-json\/wp\/v2\/posts\/13225\/revisions\/13606"}],"wp:featuredmedia":[{"embeddable":true,"href":"https:\/\/library.appyard.uk\/en\/wp-json\/wp\/v2\/media\/12621"}],"wp:attachment":[{"href":"https:\/\/library.appyard.uk\/en\/wp-json\/wp\/v2\/media?parent=13225"}],"wp:term":[{"taxonomy":"category","embeddable":true,"href":"https:\/\/library.appyard.uk\/en\/wp-json\/wp\/v2\/categories?post=13225"},{"taxonomy":"post_tag","embeddable":true,"href":"https:\/\/library.appyard.uk\/en\/wp-json\/wp\/v2\/tags?post=13225"}],"curies":[{"name":"wp","href":"https:\/\/api.w.org\/{rel}","templated":true}]}}