{"id":13222,"date":"2026-01-29T12:36:51","date_gmt":"2026-01-29T12:36:51","guid":{"rendered":"https:\/\/library.appyard.uk\/wizyta-przedstawicieli-senatu-rp-w-bibliotece-polskiej-posk-w-londynie\/"},"modified":"2026-08-30T21:21:13","modified_gmt":"2026-08-30T21:21:13","slug":"wizyta-przedstawicieli-senatu-rp-w-bibliotece-polskiej-posk-w-londynie","status":"publish","type":"post","link":"https:\/\/library.appyard.uk\/en\/wizyta-przedstawicieli-senatu-rp-w-bibliotece-polskiej-posk-w-londynie\/","title":{"rendered":"Wizyta przedstawicieli Senatu RP w Bibliotece Polskiej POSK w Londynie"},"content":{"rendered":"<div dir=\"auto\">29 stycznia 2025 Bibliotek\u0119 odwiedzili przedstawiciele Senatu RP: Artur Koz\u0142owski \u2013 Dyrektor Biura Polonijnego Senatu oraz Wojciech Bia\u0142ek \u2013 doradca Senatu ds. polityki polonijnej. Dyrektor Biblioteki, dr Dobros\u0142awa Platt opowiedzia\u0142a o zbiorach znajduj\u0105cych si\u0119 w Sali im. Josepha Conrada oraz o niezwyk\u0142ej kolekcji dzie\u0142 sztuki, kt\u00f3re zosta\u0142y przekazane Bibliotece. Go\u015bcie odwiedzili tak\u017ce najnowsz\u0105 wystaw\u0119 Biblioteki \u201e1945. Koniec wojny?\u201d, kt\u00f3ra prezentowana jest w Sali Or\u0142\u00f3w.<\/div>\n<div dir=\"auto\">Dyrektor Biblioteki opowiedzia\u0142a tak\u017ce o dzie\u0142ach sztuki prezentowanych w korytarzu budynku Polskiego O\u015brodka Spo\u0142eczno-Kulturalnego, kt\u00f3re powsta\u0142y w pracowniach emigracyjnych artyst\u00f3w.<\/div>\n<div dir=\"auto\">W wizycie wzi\u0119li udzia\u0142 tak\u017ce: przewodnicz\u0105cy POSK, Marcin Kalinowski, Dyrektor ds Komunikacji i Wizerunku, Wiktor Moszczy\u0144ski oraz prezes Zjednoczenia Polskiego, Alicja Donimirska.<\/div>\n<div dir=\"auto\">\u00a0<\/div>\n<div dir=\"auto\">Zdj\u0119cia: Ma\u0142gorzata Szkop<\/div>\n<div dir=\"auto\">\u00a0<\/div>\n\n\n<figure class=\"wp-block-image size-large\"><a href=\"https:\/\/polishlibrarylondon.co.uk\/wp-content\/uploads\/2026\/01\/IMG_0499-scaled.jpg\"><img decoding=\"async\" src=\"https:\/\/polishlibrarylondon.co.uk\/wp-content\/uploads\/2026\/01\/IMG_0499-1024x768.jpg\" alt=\"\" class=\"wp-image-19158\"\/><\/a><\/figure>\n\n\n\n<figure class=\"wp-block-image size-large\"><a href=\"https:\/\/polishlibrarylondon.co.uk\/wp-content\/uploads\/2026\/01\/5-scaled.jpg\"><img decoding=\"async\" src=\"https:\/\/polishlibrarylondon.co.uk\/wp-content\/uploads\/2026\/01\/5-768x1024.jpg\" alt=\"\" class=\"wp-image-19160\"\/><\/a><\/figure>\n\n\n\n<figure class=\"wp-block-image size-large\"><a href=\"https:\/\/polishlibrarylondon.co.uk\/wp-content\/uploads\/2026\/01\/13-scaled.jpg\"><img decoding=\"async\" src=\"https:\/\/polishlibrarylondon.co.uk\/wp-content\/uploads\/2026\/01\/13-768x1024.jpg\" alt=\"\" class=\"wp-image-19162\"\/><\/a><\/figure>\n\n\n\n<figure class=\"wp-block-image size-large\"><a href=\"https:\/\/polishlibrarylondon.co.uk\/wp-content\/uploads\/2026\/01\/IMG_0516-scaled.jpg\"><img decoding=\"async\" src=\"https:\/\/polishlibrarylondon.co.uk\/wp-content\/uploads\/2026\/01\/IMG_0516-768x1024.jpg\" alt=\"\" class=\"wp-image-19164\"\/><\/a><\/figure>\n\n\n\n<figure class=\"wp-block-image size-large\"><a href=\"https:\/\/polishlibrarylondon.co.uk\/wp-content\/uploads\/2026\/01\/1-scaled.jpg\"><img decoding=\"async\" src=\"https:\/\/polishlibrarylondon.co.uk\/wp-content\/uploads\/2026\/01\/1-768x1024.jpg\" alt=\"\" class=\"wp-image-19166\"\/><\/a><\/figure>","protected":false},"excerpt":{"rendered":"<p>29 stycznia 2025 Bibliotek\u0119 odwiedzili przedstawiciele Senatu RP: Artur Koz\u0142owski \u2013 Dyrektor Biura Polonijnego Senatu oraz Wojciech Bia\u0142ek \u2013 doradca Senatu ds. polityki polonijnej. Dyrektor Biblioteki, dr Dobros\u0142awa Platt opowiedzia\u0142a o zbiorach znajduj\u0105cych si\u0119 w Sali im. Josepha Conrada oraz o niezwyk\u0142ej kolekcji dzie\u0142 sztuki, kt\u00f3re zosta\u0142y przekazane Bibliotece. Go\u015bcie odwiedzili tak\u017ce najnowsz\u0105 wystaw\u0119 Biblioteki [&hellip;]<\/p>\n","protected":false},"author":0,"featured_media":12714,"comment_status":"closed","ping_status":"open","sticky":false,"template":"","format":"standard","meta":{"_breakdance_hide_in_design_set":false,"_breakdance_tags":"","footnotes":""},"categories":[],"tags":[],"class_list":["post-13222","post","type-post","status-publish","format-standard","has-post-thumbnail","hentry"],"meta_box":{"event_date":"","event_location":"","event_gallery":[],"external_link":""},"_links":{"self":[{"href":"https:\/\/library.appyard.uk\/en\/wp-json\/wp\/v2\/posts\/13222","targetHints":{"allow":["GET"]}}],"collection":[{"href":"https:\/\/library.appyard.uk\/en\/wp-json\/wp\/v2\/posts"}],"about":[{"href":"https:\/\/library.appyard.uk\/en\/wp-json\/wp\/v2\/types\/post"}],"replies":[{"embeddable":true,"href":"https:\/\/library.appyard.uk\/en\/wp-json\/wp\/v2\/comments?post=13222"}],"version-history":[{"count":1,"href":"https:\/\/library.appyard.uk\/en\/wp-json\/wp\/v2\/posts\/13222\/revisions"}],"predecessor-version":[{"id":13603,"href":"https:\/\/library.appyard.uk\/en\/wp-json\/wp\/v2\/posts\/13222\/revisions\/13603"}],"wp:featuredmedia":[{"embeddable":true,"href":"https:\/\/library.appyard.uk\/en\/wp-json\/wp\/v2\/media\/12714"}],"wp:attachment":[{"href":"https:\/\/library.appyard.uk\/en\/wp-json\/wp\/v2\/media?parent=13222"}],"wp:term":[{"taxonomy":"category","embeddable":true,"href":"https:\/\/library.appyard.uk\/en\/wp-json\/wp\/v2\/categories?post=13222"},{"taxonomy":"post_tag","embeddable":true,"href":"https:\/\/library.appyard.uk\/en\/wp-json\/wp\/v2\/tags?post=13222"}],"curies":[{"name":"wp","href":"https:\/\/api.w.org\/{rel}","templated":true}]}}