{"id":13209,"date":"2025-09-16T09:15:54","date_gmt":"2025-09-16T09:15:54","guid":{"rendered":"https:\/\/library.appyard.uk\/sesja-naukowa-milosz-i-inni-oraz-o-procesie-tworczym-pisarza\/"},"modified":"2026-08-30T21:21:12","modified_gmt":"2026-08-30T21:21:12","slug":"sesja-naukowa-milosz-i-inni-oraz-o-procesie-tworczym-pisarza","status":"publish","type":"post","link":"https:\/\/library.appyard.uk\/en\/sesja-naukowa-milosz-i-inni-oraz-o-procesie-tworczym-pisarza\/","title":{"rendered":"Sesja naukowa: &#8222;MI\u0141OSZ I INNI ORAZ O PROCESIE TW\u00d3RCZYM PISARZA&#8221;"},"content":{"rendered":"<p><strong>Biblioteka Polska POSK w Londynie zaprasza na sesj\u0119 naukow\u0105 pt. &#8222;<em>MI\u0141OSZ I INNI ORAZ O PROCESIE TW\u00d3RCZYM PISARZA&#8221;, kt\u00f3ra odb\u0119dzie si\u0119 w Polskim O\u015brodku Spo\u0142eczno-Kulturalnym, w Sali Malinowej, w sobot\u0119 27 wrze\u015bnia 2025 o godz. 10:00.<\/em><\/strong><\/p>\n<p>Ilo\u015b\u0107 miejsc ograniczona. Zapisy na sesj\u0119 do 20 wrze\u015bnia 2025 prosimy kierowa\u0107 na adres: <a href=\"mailto:library@polishlibraryposk.org.uk\">library@polishlibraryposk.org.uk<\/a><\/p>\n<p>Wst\u0119p wolny!<\/p>\n<p><strong>PROGRAM SESJI NAUKOWEJ<\/strong><\/p>\n<p><strong><em>MI\u0141OSZ I INNI ORAZ O PROCESIE TW\u00d3RCZYM PISARZA<\/em><\/strong><\/p>\n<p>Godz. 10:00<\/p>\n<p>Rozpocz\u0119cie sesji.<\/p>\n<p>10:30 \u2013 11:20<\/p>\n<p>PANEL I:<\/p>\n<ol>\n<li>Prof. dr hab. Piotr Wilczek, Ambasador RP w Londynie, <strong style=\"font-size: 14.859px; color: #333333;\"><em>Czes\u0142aw Mi\u0142osz \u2013 intelektualista z \u201einnej Europy\u201d.<\/em><\/strong><\/li>\n<\/ol>\n<ol start=\"2\">\n<li>Prof. dr hab. Grzegorz Przebinda, Uniwersytet Jagiello\u0144ski, <strong style=\"font-size: 14.859px; color: #333333;\"><em>Czy\u00a0 Dostojewski by\u0142by dzi\u015b z Putinem? Autor \u201eZbrodni i kary\u201d oczami Czes\u0142awa Mi\u0142osza.<\/em><\/strong><\/li>\n<\/ol>\n<p>Dyskusja: 11:20 \u2013 11:30<\/p>\n<p>Przerwa na kaw\u0119: 11:30 \u2013 12:00<\/p>\n<p>Godz.: 12:00 \u2013 13:20<\/p>\n<p>PANEL II:<\/p>\n<ol start=\"3\">\n<li>Prof. dr hab. Maciej Urbanowski, Uniwersytet Jagiello\u0144ski, <strong style=\"font-size: 14.859px; color: #333333;\"><em>Sp\u00f3r Herberta z Mi\u0142oszem w oczach wsp\u00f3\u0142czesnych.<\/em><\/strong><\/li>\n<\/ol>\n<ol start=\"4\">\n<li>Dr Katarzyna Ba\u0142\u017cewska, badacz niezale\u017cny, <strong><em>Czes\u0142aw Mi\u0142osz &#8211; J\u00f3zef Mackiewicz. Wile\u0144skie powinowactwa z wyboru.<\/em><\/strong><\/li>\n<li>Prof. dr hab. W\u0142odzimierz Bolecki, Instytut Bada\u0144 Literackich Polskiej Akademii Nauk, <strong style=\"font-size: 14.859px; color: #333333;\"><em>Gustaw Herling-Grudzi\u0144ski \u2013 Czes\u0142aw Mi\u0142osz<\/em><\/strong><span style=\"font-size: 14.859px;\">.<\/span><\/li>\n<\/ol>\n<ol start=\"6\">\n<li>Prof. dr hab. Marek Kornat, Instytut Historii Polskiej Akademii Nauk, <strong style=\"font-size: 14.859px; color: #333333;\"><em>Nie\u0142atwe relacje. Czes\u0142aw Mi\u0142osz i Jerzy Giedroy\u0107<\/em><\/strong><span style=\"font-size: 14.859px;\">.<\/span><\/li>\n<\/ol>\n<p>Dyskusja: 13:20 \u2013 13:30<\/p>\n<p>Przerwa na lunch: 13:30 \u2013 15:00<\/p>\n<p>Godz.: 15:00 \u2013 16:00<\/p>\n<p>PANEL III:<\/p>\n<ol start=\"7\">\n<li>Dr hab. Mateusz Antoniuk, Uniwersytet Jagiello\u0144ski, <strong style=\"font-size: 14.859px; color: #333333;\"><em>O procesie tw\u00f3rczym Czes\u0142awa Mi\u0142osza. Notatnik poety.<\/em><\/strong><\/li>\n<\/ol>\n<ol start=\"8\">\n<li>Dr hab. Pawe\u0142 Panas, Katolicki Uniwersytet Lubelski, <strong style=\"font-size: 14.859px; color: #333333;\"><em>Po stronie cz\u0142owieka. &#8222;Widzenia nad Zatok\u0105 San Francisco&#8221; Czes\u0142awa Mi\u0142osza po latach.<\/em><\/strong><\/li>\n<\/ol>\n<ol start=\"9\">\n<li>Prof. dr hab. Piotr Bi\u0142os, Narodowy Instytut J\u0119zyk\u00f3w i Cywilizacji Orientalnych (INALCO), klaster Sorbony, Pary\u017c, <strong style=\"font-size: revert; color: initial;\"><em>Teleskop i mikroskop. Czes\u0142aw Mi\u0142osz zanurzony w zwierciadle Francji. Poetyka obserwacji, konfrontacji i autoanalizy od Rodzinnej Europy do Kronik z miasta Pornic<\/em><\/strong><\/li>\n<\/ol>\n<p><em>\u00a0<\/em><\/p>\n<p>Dyskusja i podsumowanie obrad: 16:00 \u2013 16:10.<\/p>\n<p>Ilo\u015b\u0107 miejsc ograniczona. Zapisy na sesj\u0119 do 20 wrze\u015bnia 2025 prosimy kierowa\u0107 na adres: <a href=\"mailto:library@polishlibraryposk.org.uk\">library@polishlibraryposk.org.uk<\/a><\/p>\n<p>Wst\u0119p wolny!<\/p>\n<p><img loading=\"lazy\" decoding=\"async\" class=\"alignleft size-medium wp-image-12577\" src=\"https:\/\/polishlibrarylondon.co.uk\/wp-content\/uploads\/2025\/09\/BP_MILOSZ_PROGRAM_DRAFT-212x300.jpg\" alt=\"\" width=\"212\" height=\"300\" \/><\/p>","protected":false},"excerpt":{"rendered":"<p>Biblioteka Polska POSK w Londynie zaprasza na sesj\u0119 naukow\u0105 pt. &#8222;MI\u0141OSZ I INNI ORAZ O PROCESIE TW\u00d3RCZYM PISARZA&#8221;, kt\u00f3ra odb\u0119dzie si\u0119 w Polskim O\u015brodku Spo\u0142eczno-Kulturalnym, w Sali Malinowej, w sobot\u0119 27 wrze\u015bnia 2025 o godz. 10:00. Ilo\u015b\u0107 miejsc ograniczona. Zapisy na sesj\u0119 do 20 wrze\u015bnia 2025 prosimy kierowa\u0107 na adres: library@polishlibraryposk.org.uk Wst\u0119p wolny! PROGRAM SESJI [&hellip;]<\/p>\n","protected":false},"author":0,"featured_media":12802,"comment_status":"closed","ping_status":"open","sticky":false,"template":"","format":"standard","meta":{"_breakdance_hide_in_design_set":false,"_breakdance_tags":"","footnotes":""},"categories":[],"tags":[],"class_list":["post-13209","post","type-post","status-publish","format-standard","has-post-thumbnail","hentry"],"meta_box":{"event_date":"","event_location":"","event_gallery":[],"external_link":""},"_links":{"self":[{"href":"https:\/\/library.appyard.uk\/en\/wp-json\/wp\/v2\/posts\/13209","targetHints":{"allow":["GET"]}}],"collection":[{"href":"https:\/\/library.appyard.uk\/en\/wp-json\/wp\/v2\/posts"}],"about":[{"href":"https:\/\/library.appyard.uk\/en\/wp-json\/wp\/v2\/types\/post"}],"replies":[{"embeddable":true,"href":"https:\/\/library.appyard.uk\/en\/wp-json\/wp\/v2\/comments?post=13209"}],"version-history":[{"count":1,"href":"https:\/\/library.appyard.uk\/en\/wp-json\/wp\/v2\/posts\/13209\/revisions"}],"predecessor-version":[{"id":13590,"href":"https:\/\/library.appyard.uk\/en\/wp-json\/wp\/v2\/posts\/13209\/revisions\/13590"}],"wp:featuredmedia":[{"embeddable":true,"href":"https:\/\/library.appyard.uk\/en\/wp-json\/wp\/v2\/media\/12802"}],"wp:attachment":[{"href":"https:\/\/library.appyard.uk\/en\/wp-json\/wp\/v2\/media?parent=13209"}],"wp:term":[{"taxonomy":"category","embeddable":true,"href":"https:\/\/library.appyard.uk\/en\/wp-json\/wp\/v2\/categories?post=13209"},{"taxonomy":"post_tag","embeddable":true,"href":"https:\/\/library.appyard.uk\/en\/wp-json\/wp\/v2\/tags?post=13209"}],"curies":[{"name":"wp","href":"https:\/\/api.w.org\/{rel}","templated":true}]}}