{"id":13208,"date":"2025-09-15T10:14:31","date_gmt":"2025-09-15T10:14:31","guid":{"rendered":"https:\/\/library.appyard.uk\/odeszla-krystyna-tyszczuk-wieloletni-pracownik-biblioteki-polskiej-posk-w-londynie\/"},"modified":"2026-08-30T21:21:12","modified_gmt":"2026-08-30T21:21:12","slug":"odeszla-krystyna-tyszczuk-wieloletni-pracownik-biblioteki-polskiej-posk-w-londynie","status":"publish","type":"post","link":"https:\/\/library.appyard.uk\/en\/odeszla-krystyna-tyszczuk-wieloletni-pracownik-biblioteki-polskiej-posk-w-londynie\/","title":{"rendered":"Odesz\u0142a Krystyna Tyszczuk, wieloletni pracownik Biblioteki Polskiej POSK w Londynie"},"content":{"rendered":"<p>Z ogromnym smutkiem przyj\u0119li\u015bmy informacj\u0119 o odej\u015bciu naszej dawnej kole\u017canki, Krystyny Tyszczuk, kt\u00f3ra zmar\u0142a 5 wrze\u015bnia 2025. Wieloletnia pracownica Biblioteki Polskiej POSK w Londynie oraz nauczycielka w polskiej szkole im. Miko\u0142aja Reja odesz\u0142a w dniu swoich 90-tych urodzin.<\/p>\n<p>Informujemy, \u017ce msza \u015bw \u017ca\u0142obna zostanie odprawiona we wtorek 23 wrze\u015bnia 2025 o godz. 12:00 w ko\u015bciele \u015bw Andrzeja Boboli, 1 Leysfield Road, W12 9JF.<\/p>\n<p>Po mszy nast\u0105pi pogrzeb na cmentarzu Gunnerbury.<\/p>\n<p><img loading=\"lazy\" decoding=\"async\" class=\"alignleft size-medium wp-image-12563\" src=\"https:\/\/polishlibrarylondon.co.uk\/wp-content\/uploads\/2025\/09\/img310-300x121.jpg\" alt=\"\" width=\"300\" height=\"121\" \/><\/p>\n<p>Zdj\u0119cie nr 2: Od lewej: Zdzis\u0142aw Jagodzi\u0144ski, dyrektor Biblioteki Polskiej POSK \u00a0w Londynie w l. 1973-2001, Grzegorz Pisarski, Krystyna Tyszczuk, Karolina Baumgart, Tadeusz Hudowski oraz Irena Mailer.<\/p>","protected":false},"excerpt":{"rendered":"<p>Z ogromnym smutkiem przyj\u0119li\u015bmy informacj\u0119 o odej\u015bciu naszej dawnej kole\u017canki, Krystyny Tyszczuk, kt\u00f3ra zmar\u0142a 5 wrze\u015bnia 2025. Wieloletnia pracownica Biblioteki Polskiej POSK w Londynie oraz nauczycielka w polskiej szkole im. Miko\u0142aja Reja odesz\u0142a w dniu swoich 90-tych urodzin. Informujemy, \u017ce msza \u015bw \u017ca\u0142obna zostanie odprawiona we wtorek 23 wrze\u015bnia 2025 o godz. 12:00 w ko\u015bciele [&hellip;]<\/p>\n","protected":false},"author":0,"featured_media":12798,"comment_status":"closed","ping_status":"open","sticky":false,"template":"","format":"standard","meta":{"_breakdance_hide_in_design_set":false,"_breakdance_tags":"","footnotes":""},"categories":[],"tags":[],"class_list":["post-13208","post","type-post","status-publish","format-standard","has-post-thumbnail","hentry"],"meta_box":{"event_date":"","event_location":"","event_gallery":[],"external_link":""},"_links":{"self":[{"href":"https:\/\/library.appyard.uk\/en\/wp-json\/wp\/v2\/posts\/13208","targetHints":{"allow":["GET"]}}],"collection":[{"href":"https:\/\/library.appyard.uk\/en\/wp-json\/wp\/v2\/posts"}],"about":[{"href":"https:\/\/library.appyard.uk\/en\/wp-json\/wp\/v2\/types\/post"}],"replies":[{"embeddable":true,"href":"https:\/\/library.appyard.uk\/en\/wp-json\/wp\/v2\/comments?post=13208"}],"version-history":[{"count":1,"href":"https:\/\/library.appyard.uk\/en\/wp-json\/wp\/v2\/posts\/13208\/revisions"}],"predecessor-version":[{"id":13589,"href":"https:\/\/library.appyard.uk\/en\/wp-json\/wp\/v2\/posts\/13208\/revisions\/13589"}],"wp:featuredmedia":[{"embeddable":true,"href":"https:\/\/library.appyard.uk\/en\/wp-json\/wp\/v2\/media\/12798"}],"wp:attachment":[{"href":"https:\/\/library.appyard.uk\/en\/wp-json\/wp\/v2\/media?parent=13208"}],"wp:term":[{"taxonomy":"category","embeddable":true,"href":"https:\/\/library.appyard.uk\/en\/wp-json\/wp\/v2\/categories?post=13208"},{"taxonomy":"post_tag","embeddable":true,"href":"https:\/\/library.appyard.uk\/en\/wp-json\/wp\/v2\/tags?post=13208"}],"curies":[{"name":"wp","href":"https:\/\/api.w.org\/{rel}","templated":true}]}}