{"id":13205,"date":"2025-07-01T08:34:33","date_gmt":"2025-07-01T08:34:33","guid":{"rendered":"https:\/\/library.appyard.uk\/relacja-z-pikniku-rodzinnego-2025-biblioteki-polskiej-posk-w-londynie\/"},"modified":"2026-08-30T21:21:12","modified_gmt":"2026-08-30T21:21:12","slug":"relacja-z-pikniku-rodzinnego-2025-biblioteki-polskiej-posk-w-londynie","status":"publish","type":"post","link":"https:\/\/library.appyard.uk\/en\/relacja-z-pikniku-rodzinnego-2025-biblioteki-polskiej-posk-w-londynie\/","title":{"rendered":"Relacja z Pikniku rodzinnego 2025 Biblioteki Polskiej POSK w Londynie"},"content":{"rendered":"<div class=\"xdj266r x14z9mp xat24cr x1lziwak x1vvkbs x126k92a\">\n<div dir=\"auto\">Za nami Piknik Biblioteki Polskiej POSK w Londynie, kt\u00f3ry odby\u0142 si\u0119 w upaln\u0105 niedziel\u0119 22 czerwca 2025 w Ravenscourt Park. W tym roku wydarzenie nosi\u0142o tytu\u0142:<strong>\u201ePiknik Rodzinny\u201d z okazji 80-lecia zako\u0144czenia II wojny \u015bwiatowej<\/strong>. Wst\u0119p na wydarzenie by\u0142 bezp\u0142atny. Go\u015b\u0107mi honorowi pikniku byli: ambasador RP w Londynie, Piotr Wilczek, Konsul Agnieszka Fabryczewska-Chojnacka, Ambasada RP w Londynie, Anna Tarnowska-Waszak. Przedstawiciele lokalnych w\u0142adz z Hammersmith &amp; Fulham Council: Andrew Slaughter, MP, polityk brytyjskiej Partii Pracy, kt\u00f3ry obecnie pe\u0142ni funkcj\u0119 pos\u0142a do parlamentu Hammersmith i Chiswick, a wcze\u015bniej Hammersmith &amp;\u00a0 Ealing, Acton i Shepherd&#8217;s Bush. Cllr Daryl Brown, Deputy Mayor of Hammersmith &amp; Fulham Council. Marcin Kalinowski, Przewodnicz\u0105cy POSK oraz Wiktor Moszczy\u0144ski, Dyrektor do spraw komunikacji i wizerunku<\/p>\n<\/div>\n<div dir=\"auto\">Dzi\u0119kujemy za tak liczne przybycie, dzi\u0119kujemy, \u017ce jak zawsze mogli\u015bmy liczy\u0107 na Pa\u0144stwa obecno\u015b\u0107. Dzi\u0119kujemy sponsorom i wystawcom!<\/div>\n<\/div>\n<div dir=\"auto\"><\/div>\n<div dir=\"auto\"><\/div>\n<div class=\"x14z9mp xat24cr x1lziwak x1vvkbs xtlvy1s x126k92a\">\n<div dir=\"auto\">Zdj\u0119cia: Ma\u0142gorzata Pogorzelska.<\/div>\n<div dir=\"auto\"><img loading=\"lazy\" decoding=\"async\" class=\"alignleft size-medium wp-image-8986\" src=\"https:\/\/polishlibrarylondon.co.uk\/wp-content\/uploads\/2025\/07\/IMG_3812-300x200.jpg\" alt=\"\" width=\"300\" height=\"200\" \/><img loading=\"lazy\" decoding=\"async\" class=\"alignleft size-medium wp-image-8987\" src=\"https:\/\/polishlibrarylondon.co.uk\/wp-content\/uploads\/2025\/07\/IMG_3832-300x200.jpg\" alt=\"\" width=\"300\" height=\"200\" \/><img loading=\"lazy\" decoding=\"async\" class=\"alignleft size-medium wp-image-8988\" src=\"https:\/\/polishlibrarylondon.co.uk\/wp-content\/uploads\/2025\/07\/IMG_3916-300x200.jpg\" alt=\"\" width=\"300\" height=\"200\" \/><img loading=\"lazy\" decoding=\"async\" class=\"alignleft size-medium wp-image-8991\" src=\"https:\/\/polishlibrarylondon.co.uk\/wp-content\/uploads\/2025\/07\/IMG_3965-300x200.jpg\" alt=\"\" width=\"300\" height=\"200\" \/><img loading=\"lazy\" decoding=\"async\" class=\"alignleft size-medium wp-image-8992\" src=\"https:\/\/polishlibrarylondon.co.uk\/wp-content\/uploads\/2025\/07\/IMG_3799-300x200.jpg\" alt=\"\" width=\"300\" height=\"200\" \/><img loading=\"lazy\" decoding=\"async\" class=\"alignleft size-medium wp-image-8993\" src=\"https:\/\/polishlibrarylondon.co.uk\/wp-content\/uploads\/2025\/07\/IMG_4046-300x200.jpg\" alt=\"\" width=\"300\" height=\"200\" \/><img loading=\"lazy\" decoding=\"async\" class=\"alignleft size-medium wp-image-8994\" src=\"https:\/\/polishlibrarylondon.co.uk\/wp-content\/uploads\/2025\/07\/IMG_4116-300x200.jpg\" alt=\"\" width=\"300\" height=\"200\" \/><\/div>\n<\/div>","protected":false},"excerpt":{"rendered":"<p>Za nami Piknik Biblioteki Polskiej POSK w Londynie, kt\u00f3ry odby\u0142 si\u0119 w upaln\u0105 niedziel\u0119 22 czerwca 2025 w Ravenscourt Park. W tym roku wydarzenie nosi\u0142o tytu\u0142:\u201ePiknik Rodzinny\u201d z okazji 80-lecia zako\u0144czenia II wojny \u015bwiatowej. Wst\u0119p na wydarzenie by\u0142 bezp\u0142atny. Go\u015b\u0107mi honorowi pikniku byli: ambasador RP w Londynie, Piotr Wilczek, Konsul Agnieszka Fabryczewska-Chojnacka, Ambasada RP w [&hellip;]<\/p>\n","protected":false},"author":0,"featured_media":12805,"comment_status":"closed","ping_status":"open","sticky":false,"template":"","format":"standard","meta":{"_breakdance_hide_in_design_set":false,"_breakdance_tags":"","footnotes":""},"categories":[],"tags":[],"class_list":["post-13205","post","type-post","status-publish","format-standard","has-post-thumbnail","hentry"],"meta_box":{"event_date":"","event_location":"","event_gallery":[],"external_link":""},"_links":{"self":[{"href":"https:\/\/library.appyard.uk\/en\/wp-json\/wp\/v2\/posts\/13205","targetHints":{"allow":["GET"]}}],"collection":[{"href":"https:\/\/library.appyard.uk\/en\/wp-json\/wp\/v2\/posts"}],"about":[{"href":"https:\/\/library.appyard.uk\/en\/wp-json\/wp\/v2\/types\/post"}],"replies":[{"embeddable":true,"href":"https:\/\/library.appyard.uk\/en\/wp-json\/wp\/v2\/comments?post=13205"}],"version-history":[{"count":1,"href":"https:\/\/library.appyard.uk\/en\/wp-json\/wp\/v2\/posts\/13205\/revisions"}],"predecessor-version":[{"id":13586,"href":"https:\/\/library.appyard.uk\/en\/wp-json\/wp\/v2\/posts\/13205\/revisions\/13586"}],"wp:featuredmedia":[{"embeddable":true,"href":"https:\/\/library.appyard.uk\/en\/wp-json\/wp\/v2\/media\/12805"}],"wp:attachment":[{"href":"https:\/\/library.appyard.uk\/en\/wp-json\/wp\/v2\/media?parent=13205"}],"wp:term":[{"taxonomy":"category","embeddable":true,"href":"https:\/\/library.appyard.uk\/en\/wp-json\/wp\/v2\/categories?post=13205"},{"taxonomy":"post_tag","embeddable":true,"href":"https:\/\/library.appyard.uk\/en\/wp-json\/wp\/v2\/tags?post=13205"}],"curies":[{"name":"wp","href":"https:\/\/api.w.org\/{rel}","templated":true}]}}