{"id":13197,"date":"2025-02-19T12:09:26","date_gmt":"2025-02-19T12:09:26","guid":{"rendered":"https:\/\/library.appyard.uk\/wizyta-krola-karola-w-posk-i-na-wystawie-biblioteki-polskiej\/"},"modified":"2026-08-30T21:21:12","modified_gmt":"2026-08-30T21:21:12","slug":"wizyta-krola-karola-w-posk-i-na-wystawie-biblioteki-polskiej","status":"publish","type":"post","link":"https:\/\/library.appyard.uk\/en\/wizyta-krola-karola-w-posk-i-na-wystawie-biblioteki-polskiej\/","title":{"rendered":"Wizyta kr\u00f3la Karola w POSK i na wystawie Biblioteki Polskiej"},"content":{"rendered":"<div dir=\"auto\">5 lutego 2025 POSK odwiedzi\u0142 kr\u00f3l Charles III. Swoj\u0105 wizyt\u0119 rozpocz\u0105\u0142 od Galerii POSK, w kt\u00f3rej wystaw\u0119 zorganizowa\u0142a Biblioteka Polska. Kr\u00f3l podziwia\u0142 obrazy Felixa Fabiana z kolekcji Lili Pohlmann, MBE.<\/div>\n<div dir=\"auto\">Nast\u0119pnie spotka\u0142 si\u0119 z pracownikami o\u015brodka. Pracownicy Biblioteki Polskiej mieli okazj\u0119 zamieni\u0107 z monarch\u0105 kilka s\u0142\u00f3w oraz u\u015bcisn\u0105\u0107 r\u0119k\u0119 Jego Wysoko\u015bci.<\/div>\n<div dir=\"auto\">Zapraszamy na kr\u00f3tk\u0105 relacj\u0119.<\/div>\n<div dir=\"auto\">Zdj\u0119cia: Wojciech Klas oraz Kornelia Balul.<\/div>\n<div dir=\"auto\"><\/div>\n<div dir=\"auto\"><img loading=\"lazy\" decoding=\"async\" class=\"size-medium wp-image-8922 aligncenter\" src=\"https:\/\/polishlibrarylondon.co.uk\/wp-content\/uploads\/2025\/02\/475830923_1224887986303145_783351047549796167_n-300x211.jpg\" alt=\"\" width=\"300\" height=\"211\" \/><\/div>\n<div dir=\"auto\"><\/div>\n\n\n<figure class=\"wp-block-image size-large\"><a href=\"https:\/\/polishlibrarylondon.co.uk\/wp-content\/uploads\/2025\/02\/054A6094-copy.jpg\"><img decoding=\"async\" src=\"https:\/\/polishlibrarylondon.co.uk\/wp-content\/uploads\/2025\/02\/054A6094-copy-1024x768.jpg\" alt=\"\" class=\"wp-image-8926\"\/><\/a><\/figure>\n\n\n\n<figure class=\"wp-block-image size-large\"><a href=\"https:\/\/polishlibrarylondon.co.uk\/wp-content\/uploads\/2025\/02\/054A6181-copy.jpg\"><img decoding=\"async\" src=\"https:\/\/polishlibrarylondon.co.uk\/wp-content\/uploads\/2025\/02\/054A6181-copy-1024x768.jpg\" alt=\"\" class=\"wp-image-8928\"\/><\/a><\/figure>\n\n\n\n<figure class=\"wp-block-image size-large\"><a href=\"https:\/\/polishlibrarylondon.co.uk\/wp-content\/uploads\/2025\/02\/054A6177-copy.jpg\"><img decoding=\"async\" src=\"https:\/\/polishlibrarylondon.co.uk\/wp-content\/uploads\/2025\/02\/054A6177-copy-1024x768.jpg\" alt=\"\" class=\"wp-image-8929\"\/><\/a><\/figure>\n\n\n\n<figure class=\"wp-block-image size-large\"><a href=\"https:\/\/polishlibrarylondon.co.uk\/wp-content\/uploads\/2025\/02\/054A6172-copy.jpg\"><img decoding=\"async\" src=\"https:\/\/polishlibrarylondon.co.uk\/wp-content\/uploads\/2025\/02\/054A6172-copy-1024x768.jpg\" alt=\"\" class=\"wp-image-8931\"\/><\/a><\/figure>","protected":false},"excerpt":{"rendered":"<p>5 lutego 2025 POSK odwiedzi\u0142 kr\u00f3l Charles III. Swoj\u0105 wizyt\u0119 rozpocz\u0105\u0142 od Galerii POSK, w kt\u00f3rej wystaw\u0119 zorganizowa\u0142a Biblioteka Polska. Kr\u00f3l podziwia\u0142 obrazy Felixa Fabiana z kolekcji Lili Pohlmann, MBE. Nast\u0119pnie spotka\u0142 si\u0119 z pracownikami o\u015brodka. Pracownicy Biblioteki Polskiej mieli okazj\u0119 zamieni\u0107 z monarch\u0105 kilka s\u0142\u00f3w oraz u\u015bcisn\u0105\u0107 r\u0119k\u0119 Jego Wysoko\u015bci. Zapraszamy na kr\u00f3tk\u0105 relacj\u0119. [&hellip;]<\/p>\n","protected":false},"author":0,"featured_media":12752,"comment_status":"closed","ping_status":"open","sticky":false,"template":"","format":"standard","meta":{"_breakdance_hide_in_design_set":false,"_breakdance_tags":"","footnotes":""},"categories":[],"tags":[],"class_list":["post-13197","post","type-post","status-publish","format-standard","has-post-thumbnail","hentry"],"meta_box":{"event_date":"","event_location":"","event_gallery":[],"external_link":""},"_links":{"self":[{"href":"https:\/\/library.appyard.uk\/en\/wp-json\/wp\/v2\/posts\/13197","targetHints":{"allow":["GET"]}}],"collection":[{"href":"https:\/\/library.appyard.uk\/en\/wp-json\/wp\/v2\/posts"}],"about":[{"href":"https:\/\/library.appyard.uk\/en\/wp-json\/wp\/v2\/types\/post"}],"replies":[{"embeddable":true,"href":"https:\/\/library.appyard.uk\/en\/wp-json\/wp\/v2\/comments?post=13197"}],"version-history":[{"count":1,"href":"https:\/\/library.appyard.uk\/en\/wp-json\/wp\/v2\/posts\/13197\/revisions"}],"predecessor-version":[{"id":13578,"href":"https:\/\/library.appyard.uk\/en\/wp-json\/wp\/v2\/posts\/13197\/revisions\/13578"}],"wp:featuredmedia":[{"embeddable":true,"href":"https:\/\/library.appyard.uk\/en\/wp-json\/wp\/v2\/media\/12752"}],"wp:attachment":[{"href":"https:\/\/library.appyard.uk\/en\/wp-json\/wp\/v2\/media?parent=13197"}],"wp:term":[{"taxonomy":"category","embeddable":true,"href":"https:\/\/library.appyard.uk\/en\/wp-json\/wp\/v2\/categories?post=13197"},{"taxonomy":"post_tag","embeddable":true,"href":"https:\/\/library.appyard.uk\/en\/wp-json\/wp\/v2\/tags?post=13197"}],"curies":[{"name":"wp","href":"https:\/\/api.w.org\/{rel}","templated":true}]}}