{"id":13193,"date":"2025-01-08T13:42:45","date_gmt":"2025-01-08T13:42:45","guid":{"rendered":"https:\/\/library.appyard.uk\/wystawa-prac-feliksa-fabiana-z-kolekcji-lili-stern-pohlmann-mbe\/"},"modified":"2026-08-30T21:21:12","modified_gmt":"2026-08-30T21:21:12","slug":"wystawa-prac-feliksa-fabiana-z-kolekcji-lili-stern-pohlmann-mbe","status":"publish","type":"post","link":"https:\/\/library.appyard.uk\/en\/wystawa-prac-feliksa-fabiana-z-kolekcji-lili-stern-pohlmann-mbe\/","title":{"rendered":"Wystawa prac Feliksa Fabiana z kolekcji Lili Stern-Pohlmann, MBE"},"content":{"rendered":"<p>Z ogromn\u0105 rado\u015bci\u0105 zapraszamy Pa\u0144stwa na najbli\u017csz\u0105 wystaw\u0119 organizowan\u0105 przez Bibliotek\u0119 Polsk\u0105 POSK w Londynie, na kt\u00f3rej zaprezentowana zostanie tw\u00f3rczo\u015b\u0107 Felixa Fabiana.<\/p>\n<p>Na otwarcie wystawy \u201eZ kolekcji Lili Stern-Pohlmann, MBE\/ From collection of Lili Steen-Pohlmann MBE\u201d zapraszamy <strong>1 lutego o godz. 16:00 do Galerii POSK<\/strong>.<\/p>\n<p>Feliks Fabian by\u0142 polskim malarzem realist\u0105, kt\u00f3ry zmar\u0142 w Londynie w 1994. Du\u017ca cz\u0119\u015b\u0107 jego tw\u00f3rczo\u015bci to obrazy przedstawiaj\u0105ce wspomnienia, codzienne \u017cycie we wschodnioeuropejskim miasteczku \u017cydowskim. Zas\u0142yn\u0105\u0142 jako wytrawny portrecista, uwiecznia\u0142 na swoich obrazach gwiazdy filmu i teatru.<\/p>\n<p>Malarstwa uczy\u0142 si\u0119 pod kierunkiem prof. Sterlinga w Wiedniu, a nast\u0119pnie prof. Maccioco w Rzymie. Po wybuchu II wojny \u015bwiatowej wyjecha\u0142 do Lwowa, gdzie znalaz\u0142 zatrudnienie jako grafik w teatrze Feliksa Konarskiego. Wyst\u0119powa\u0142 parodiuj\u0105c Charliego Chaplina, zosta\u0142 aresztowany przez NKWD w 1940 i zes\u0142any w g\u0142\u0105b ZSRR. Uwolniony na podstawie amnestii w 1941 do\u0142\u0105czy\u0142 do organizowanej Armii Polskiej na Wschodzie, z kt\u00f3r\u0105 wyruszy\u0142 przez Bliski Wsch\u00f3d. W mi\u0119dzyczasie wyst\u0119powa\u0142 w Czo\u0142\u00f3wce Teatralnej i Paradzie Polskiej. Po zako\u0144czeniu dzia\u0142a\u0144 wojennych podj\u0105\u0142 decyzj\u0119 o pozostaniu na emigracji, pocz\u0105tkowo mieszka\u0142 w Wielkiej Brytanii, sk\u0105d wkr\u00f3tce wyjecha\u0142 do Argentyny. Od 1948 przez trzy lata pe\u0142ni\u0142 funkcj\u0119 dyrektora artystycznego dzia\u0142aj\u0105cego w bran\u017cy filmowej \u201eStudio Parana\u201d w Buenos Aires. W 1951 za\u0142o\u017cy\u0142 w\u0142asn\u0105 pracowni\u0119 malarsk\u0105, w po\u0142owie lat 60. podj\u0105\u0142 decyzj\u0119 o przeprowadzce do Londynu, gdzie mieszka\u0142 a\u017c do \u015bmierci.<\/p>","protected":false},"excerpt":{"rendered":"<p>Z ogromn\u0105 rado\u015bci\u0105 zapraszamy Pa\u0144stwa na najbli\u017csz\u0105 wystaw\u0119 organizowan\u0105 przez Bibliotek\u0119 Polsk\u0105 POSK w Londynie, na kt\u00f3rej zaprezentowana zostanie tw\u00f3rczo\u015b\u0107 Felixa Fabiana. Na otwarcie wystawy \u201eZ kolekcji Lili Stern-Pohlmann, MBE\/ From collection of Lili Steen-Pohlmann MBE\u201d zapraszamy 1 lutego o godz. 16:00 do Galerii POSK. Feliks Fabian by\u0142 polskim malarzem realist\u0105, kt\u00f3ry zmar\u0142 w Londynie [&hellip;]<\/p>\n","protected":false},"author":0,"featured_media":13004,"comment_status":"closed","ping_status":"open","sticky":false,"template":"","format":"standard","meta":{"_breakdance_hide_in_design_set":false,"_breakdance_tags":"","footnotes":""},"categories":[],"tags":[],"class_list":["post-13193","post","type-post","status-publish","format-standard","has-post-thumbnail","hentry"],"meta_box":{"event_date":"","event_location":"","event_gallery":[],"external_link":""},"_links":{"self":[{"href":"https:\/\/library.appyard.uk\/en\/wp-json\/wp\/v2\/posts\/13193","targetHints":{"allow":["GET"]}}],"collection":[{"href":"https:\/\/library.appyard.uk\/en\/wp-json\/wp\/v2\/posts"}],"about":[{"href":"https:\/\/library.appyard.uk\/en\/wp-json\/wp\/v2\/types\/post"}],"replies":[{"embeddable":true,"href":"https:\/\/library.appyard.uk\/en\/wp-json\/wp\/v2\/comments?post=13193"}],"version-history":[{"count":1,"href":"https:\/\/library.appyard.uk\/en\/wp-json\/wp\/v2\/posts\/13193\/revisions"}],"predecessor-version":[{"id":13574,"href":"https:\/\/library.appyard.uk\/en\/wp-json\/wp\/v2\/posts\/13193\/revisions\/13574"}],"wp:featuredmedia":[{"embeddable":true,"href":"https:\/\/library.appyard.uk\/en\/wp-json\/wp\/v2\/media\/13004"}],"wp:attachment":[{"href":"https:\/\/library.appyard.uk\/en\/wp-json\/wp\/v2\/media?parent=13193"}],"wp:term":[{"taxonomy":"category","embeddable":true,"href":"https:\/\/library.appyard.uk\/en\/wp-json\/wp\/v2\/categories?post=13193"},{"taxonomy":"post_tag","embeddable":true,"href":"https:\/\/library.appyard.uk\/en\/wp-json\/wp\/v2\/tags?post=13193"}],"curies":[{"name":"wp","href":"https:\/\/api.w.org\/{rel}","templated":true}]}}