{"id":13192,"date":"2025-01-07T15:22:42","date_gmt":"2025-01-07T15:22:42","guid":{"rendered":"https:\/\/library.appyard.uk\/jozef-konrad-korzeniowski-wystawa-na-fasadzie-posk-u\/"},"modified":"2026-08-30T21:21:12","modified_gmt":"2026-08-30T21:21:12","slug":"jozef-konrad-korzeniowski-wystawa-na-fasadzie-posk-u","status":"publish","type":"post","link":"https:\/\/library.appyard.uk\/en\/jozef-konrad-korzeniowski-wystawa-na-fasadzie-posk-u\/","title":{"rendered":"J\u00f3zef Konrad Korzeniowski: wystawa na fasadzie POSK-u"},"content":{"rendered":"<p>Serdecznie zapraszamy do obejrzenia wystawy po\u015bwi\u0119conej J\u00f3zefowi Konradowi Korzeniowskiemu zorganizowanej\u00a0 przez Bibliotek\u0119 Polsk\u0105 POSK w Londynie, dost\u0119pnej na oszklonych drzwiach POSK-u.<\/p>\n<p>Joseph Conrad-Korzeniowski: syn polskich patriot\u00f3w, cz\u0142owiek trzech kultur, wielki pisarz angielski i Europejczyk.<\/p>\n<p>Konrad Korzeniowski, znany p\u00f3\u017aniej ca\u0142emu czytaj\u0105cemu ksi\u0105\u017cki \u015bwiatu jako Joseph Conrad, urodzi\u0142 si\u0119 3 grudnia 1857 roku w Berdyczowie, na dzisiejszej Ukrainie. By\u0142 synem Apollona Korzeniowskiego, poety, t\u0142umacza i wybitnego dzia\u0142acza niepodleg\u0142o\u015bciowego. To w\u0142a\u015bnie ojciec Conrada, Apollo Korzeniowski za\u0142o\u017cy\u0142 w Warszawie podziemny Komitet Ruchu, kt\u00f3ry sta\u0142 si\u0119 zal\u0105\u017ckiem Rz\u0105du Narodowego, kieruj\u0105cego p\u00f3\u017aniej Powstaniem Styczniowym 1863 roku.<\/p>\n<p>Pierwsz\u0105 swoj\u0105 powie\u015b\u0107, Joseph Conrad, <em>Szale\u0144stwo Almayera<\/em>, og\u0142osi\u0142 w roku 1895. Sta\u0142 si\u0119 wi\u0119c pisarzem dopiero w wieku ca\u0142kiem dojrza\u0142ym. Wkr\u00f3tce potem o\u017ceni\u0142 si\u0119 z Angielk\u0105 i osiad\u0142 na sta\u0142e na wsi niedaleko Londynu.<\/p>\n<p>Jednak\u017ce akcja wi\u0119kszo\u015bci utwor\u00f3w Conrada nie toczy si\u0119 na wodzie. T\u0142em dla nich s\u0105 kraje Dalekiego Wschodu, tak\u017ce Afryka i Ameryka \u0141aci\u0144ska, najcz\u0119\u015bciej jednak Francja, Anglia i r\u00f3\u017cne kraje Europy. Bohaterami jego ksi\u0105\u017cek s\u0105 Anglicy, Francuzi, W\u0142osi, Niemcy, Polacy, Norwegowie, Hiszpanie, Holendrzy. W\u0142a\u015bnie z tego wzgl\u0119du mo\u017cna Conrada nazwa\u0107 pisarzem prawdziwie europejskim, bo podejmuje w swoich ksi\u0105\u017ckach tematy wa\u017cne i typowe dla naszego kontynentu.<\/p>\n<p>Najbardziej znan\u0105, zw\u0142aszcza w Polsce, powie\u015bci\u0105 jest\u00a0<strong>&#8222;Lord Jim&#8221;<\/strong>: ksi\u0105\u017cka o oficerze marynarki, kt\u00f3ry opu\u015bci\u0142 powierzony sobie statek; rzecz o utraconym i odzyskanym honorze. Ukaza\u0142a si\u0119 w roku 1900 &#8211; i jest jednym z kluczowych dzie\u0142 \u015bwiatowej prozy XX wieku: kunsztownym w budowie, fascynuj\u0105cym przez posta\u0107 g\u0142\u00f3wnego bohatera, kt\u00f3ry wyrasta do rozmiar\u00f3w mitycznych.\u00a0<strong>&#8222;Nostromo&#8221;<\/strong>, wielka opowie\u015b\u0107 o Costaguanie, fikcyjnej republice po\u0142udniowo-ameryka\u0144skiej, cieszy si\u0119 reputacj\u0105 czo\u0142owego dzie\u0142a angielskiej prozy i jednej z naj\u015bwietniejszych powie\u015bci politycznych w tym j\u0119zyku. Powie\u015bciami politycznymi s\u0105 tak\u017ce\u00a0<strong>&#8222;Tajny agent&#8221;<\/strong>, gdzie bohaterem jest rosyjski agent, organizuj\u0105cy akcje terrorystyczne w Londynie, oraz\u00a0<strong>&#8222;W oczach Zachodu&#8221;<\/strong>, z akcj\u0105 w Petersburgu i Genewie, opowie\u015b\u0107 o zdradzie i szpiegostwie, o zderzeniu si\u0119 okrutnej rosyjskiej autokracji z niemniej okrutn\u0105 rosyjsk\u0105 rewolucj\u0105.<\/p>","protected":false},"excerpt":{"rendered":"<p>Serdecznie zapraszamy do obejrzenia wystawy po\u015bwi\u0119conej J\u00f3zefowi Konradowi Korzeniowskiemu zorganizowanej\u00a0 przez Bibliotek\u0119 Polsk\u0105 POSK w Londynie, dost\u0119pnej na oszklonych drzwiach POSK-u. Joseph Conrad-Korzeniowski: syn polskich patriot\u00f3w, cz\u0142owiek trzech kultur, wielki pisarz angielski i Europejczyk. Konrad Korzeniowski, znany p\u00f3\u017aniej ca\u0142emu czytaj\u0105cemu ksi\u0105\u017cki \u015bwiatu jako Joseph Conrad, urodzi\u0142 si\u0119 3 grudnia 1857 roku w Berdyczowie, na dzisiejszej [&hellip;]<\/p>\n","protected":false},"author":0,"featured_media":13006,"comment_status":"closed","ping_status":"open","sticky":false,"template":"","format":"standard","meta":{"_breakdance_hide_in_design_set":false,"_breakdance_tags":"","footnotes":""},"categories":[],"tags":[],"class_list":["post-13192","post","type-post","status-publish","format-standard","has-post-thumbnail","hentry"],"meta_box":{"event_date":"","event_location":"","event_gallery":[],"external_link":""},"_links":{"self":[{"href":"https:\/\/library.appyard.uk\/en\/wp-json\/wp\/v2\/posts\/13192","targetHints":{"allow":["GET"]}}],"collection":[{"href":"https:\/\/library.appyard.uk\/en\/wp-json\/wp\/v2\/posts"}],"about":[{"href":"https:\/\/library.appyard.uk\/en\/wp-json\/wp\/v2\/types\/post"}],"replies":[{"embeddable":true,"href":"https:\/\/library.appyard.uk\/en\/wp-json\/wp\/v2\/comments?post=13192"}],"version-history":[{"count":1,"href":"https:\/\/library.appyard.uk\/en\/wp-json\/wp\/v2\/posts\/13192\/revisions"}],"predecessor-version":[{"id":13573,"href":"https:\/\/library.appyard.uk\/en\/wp-json\/wp\/v2\/posts\/13192\/revisions\/13573"}],"wp:featuredmedia":[{"embeddable":true,"href":"https:\/\/library.appyard.uk\/en\/wp-json\/wp\/v2\/media\/13006"}],"wp:attachment":[{"href":"https:\/\/library.appyard.uk\/en\/wp-json\/wp\/v2\/media?parent=13192"}],"wp:term":[{"taxonomy":"category","embeddable":true,"href":"https:\/\/library.appyard.uk\/en\/wp-json\/wp\/v2\/categories?post=13192"},{"taxonomy":"post_tag","embeddable":true,"href":"https:\/\/library.appyard.uk\/en\/wp-json\/wp\/v2\/tags?post=13192"}],"curies":[{"name":"wp","href":"https:\/\/api.w.org\/{rel}","templated":true}]}}