{"id":13184,"date":"2024-09-02T10:11:47","date_gmt":"2024-09-02T10:11:47","guid":{"rendered":"https:\/\/library.appyard.uk\/spotkanie-poswiecone-sergiuszowi-piaseckiemu\/"},"modified":"2026-08-30T21:21:11","modified_gmt":"2026-08-30T21:21:11","slug":"spotkanie-poswiecone-sergiuszowi-piaseckiemu","status":"publish","type":"post","link":"https:\/\/library.appyard.uk\/en\/spotkanie-poswiecone-sergiuszowi-piaseckiemu\/","title":{"rendered":"Spotkanie po\u015bwi\u0119cone Sergiuszowi Piaseckiemu"},"content":{"rendered":"<div dir=\"auto\">\n<div dir=\"auto\"><strong>UWAGA: Na wydarzenie zapraszamy do Sali Multimedialnej na 4 pi\u0119trze 11 wrze\u015bnia.<\/strong><\/div>\n<div dir=\"auto\">Biblioteka Polska POSK w Londynie oraz Instytut Pami\u0119ci Narodowej serdecznie zapraszaj\u0105 na wiecz\u00f3r po\u015bwi\u0119cony Sergiuszowi Piaseckiemu z prelekcj\u0105 prof. Tomasza Balbusa (IPN). W spotkaniu wezm\u0105 udzia\u0142 syn pisarza prof. W\u0142adys\u0142aw Tomaszewicz oraz dyr. Marcin Marczak i Magda Wysocka z Instytutu Pami\u0119ci Narodowej we Wroc\u0142awiu.<\/div>\n<div dir=\"auto\">Wydarzenie odb\u0119dzie si\u0119 w \u015brod\u0119, 11 wrze\u015bnia w Sali Multimedialnej na 4 pi\u0119trze POSK o godz. 18:30. Wst\u0119p wolny.<\/div>\n<div dir=\"auto\">Zapraszamy serdecznie!<\/div>\n<div dir=\"auto\">12 wrze\u015bnia na cmentarzu w Hastings, oko\u0142o po\u0142udnia, odb\u0119dzie si\u0119 ods\u0142oni\u0119cie odnowionego przez IPN grobu. Zapraszamy do udzia\u0142u w tym wydarzeniu wszystkich ch\u0119tnych.<\/div>\n<div dir=\"auto\">Rok 2024, Prezes IPN dr Karol Nawrocki, og\u0142osi\u0142 rokiem Sergiusza Piaseckiego (1899 \u2013 1964), znakomitego pisarza, wywiadowcy Oddzia\u0142u II Sztabu Generalnego Wojska Polskiego, \u017co\u0142nierza Armii Krajowej w Wilnie, emigranta w Wielkiej Brytanii. Z okazji 60. rocznicy \u015bmierci (1964 \u2013 2024) IPN poprzez r\u00f3\u017cne inicjatywy (konferencje naukowe i produkcje filmowe, wydawnictwa i kalendarze) przypomina t\u0105 znamienit\u0105 posta\u0107.<\/div>\n<\/div>","protected":false},"excerpt":{"rendered":"<p>UWAGA: Na wydarzenie zapraszamy do Sali Multimedialnej na 4 pi\u0119trze 11 wrze\u015bnia. Biblioteka Polska POSK w Londynie oraz Instytut Pami\u0119ci Narodowej serdecznie zapraszaj\u0105 na wiecz\u00f3r po\u015bwi\u0119cony Sergiuszowi Piaseckiemu z prelekcj\u0105 prof. Tomasza Balbusa (IPN). W spotkaniu wezm\u0105 udzia\u0142 syn pisarza prof. W\u0142adys\u0142aw Tomaszewicz oraz dyr. Marcin Marczak i Magda Wysocka z Instytutu Pami\u0119ci Narodowej we [&hellip;]<\/p>\n","protected":false},"author":0,"featured_media":11962,"comment_status":"closed","ping_status":"open","sticky":false,"template":"","format":"standard","meta":{"_breakdance_hide_in_design_set":false,"_breakdance_tags":"","footnotes":""},"categories":[],"tags":[],"class_list":["post-13184","post","type-post","status-publish","format-standard","has-post-thumbnail","hentry"],"meta_box":{"event_date":"","event_location":"","event_gallery":[],"external_link":""},"_links":{"self":[{"href":"https:\/\/library.appyard.uk\/en\/wp-json\/wp\/v2\/posts\/13184","targetHints":{"allow":["GET"]}}],"collection":[{"href":"https:\/\/library.appyard.uk\/en\/wp-json\/wp\/v2\/posts"}],"about":[{"href":"https:\/\/library.appyard.uk\/en\/wp-json\/wp\/v2\/types\/post"}],"replies":[{"embeddable":true,"href":"https:\/\/library.appyard.uk\/en\/wp-json\/wp\/v2\/comments?post=13184"}],"version-history":[{"count":1,"href":"https:\/\/library.appyard.uk\/en\/wp-json\/wp\/v2\/posts\/13184\/revisions"}],"predecessor-version":[{"id":13565,"href":"https:\/\/library.appyard.uk\/en\/wp-json\/wp\/v2\/posts\/13184\/revisions\/13565"}],"wp:featuredmedia":[{"embeddable":true,"href":"https:\/\/library.appyard.uk\/en\/wp-json\/wp\/v2\/media\/11962"}],"wp:attachment":[{"href":"https:\/\/library.appyard.uk\/en\/wp-json\/wp\/v2\/media?parent=13184"}],"wp:term":[{"taxonomy":"category","embeddable":true,"href":"https:\/\/library.appyard.uk\/en\/wp-json\/wp\/v2\/categories?post=13184"},{"taxonomy":"post_tag","embeddable":true,"href":"https:\/\/library.appyard.uk\/en\/wp-json\/wp\/v2\/tags?post=13184"}],"curies":[{"name":"wp","href":"https:\/\/api.w.org\/{rel}","templated":true}]}}