{"id":13178,"date":"2024-04-08T09:21:43","date_gmt":"2024-04-08T09:21:43","guid":{"rendered":"https:\/\/library.appyard.uk\/pokaz-filmu-wielka-droga-ramach-festiwalu-polskich-filmow-kinoteka\/"},"modified":"2026-08-30T21:21:11","modified_gmt":"2026-08-30T21:21:11","slug":"pokaz-filmu-wielka-droga-ramach-festiwalu-polskich-filmow-kinoteka","status":"publish","type":"post","link":"https:\/\/library.appyard.uk\/en\/pokaz-filmu-wielka-droga-ramach-festiwalu-polskich-filmow-kinoteka\/","title":{"rendered":"Pokaz filmu &#8222;Wielka droga&#8221; w ramach Festiwalu Polskich Film\u00f3w Kinoteka"},"content":{"rendered":"<p>Serdecznie dzi\u0119kujemy za tak liczny udzia\u0142 w pokazie filmu &#8222;Wielka Droga&#8221;, kt\u00f3ry <a class=\"x1i10hfl xjbqb8w x1ejq31n xd10rxx x1sy0etr x17r0tee x972fbf xcfux6l x1qhh985 xm0m39n x9f619 x1ypdohk xt0psk2 xe8uvvx xdj266r x11i5rnm xat24cr x1mh8g0r xexx8yu x4uap5 x18d9i69 xkhd6sd x16tdsg8 x1hl2dhg xggy1nq x1a2a7pz xt0b8zv x1fey0fg xo1l8bm\" tabindex=\"0\" href=\"https:\/\/www.facebook.com\/BibliotekaPolskaPOSKLondyn?__cft__[0]=AZW1vdWs_u5CXi9RmoeCFvdH1_ncbBa-VYxr2VMnn4r7ZYaqHAufGt20H2NMOHlngYyAN3IsI-9oyDAsCgfU2QkWtN8E3cNqrkCbFbwaLHo-EC3TkMdeN_YXS6tChwJXkhBdR5TOi_TN07T2qxxPSYXFV1x-jUZE9ixfg9dgRRTPlGX2grtQbKA7XAIZ490o4bg&amp;__tn__=-]K-R\"><span class=\"xt0psk2\">Biblioteka Polska POSK w Londynie<\/span><\/a> wsp\u00f3\u0142organizowa\u0142a w ramach <a class=\"x1i10hfl xjbqb8w x1ejq31n xd10rxx x1sy0etr x17r0tee x972fbf xcfux6l x1qhh985 xm0m39n x9f619 x1ypdohk xt0psk2 xe8uvvx xdj266r x11i5rnm xat24cr x1mh8g0r xexx8yu x4uap5 x18d9i69 xkhd6sd x16tdsg8 x1hl2dhg xggy1nq x1a2a7pz xt0b8zv x1fey0fg xo1l8bm\" tabindex=\"0\" href=\"https:\/\/www.facebook.com\/PolishFilmFestivalKinoteka?__cft__[0]=AZW1vdWs_u5CXi9RmoeCFvdH1_ncbBa-VYxr2VMnn4r7ZYaqHAufGt20H2NMOHlngYyAN3IsI-9oyDAsCgfU2QkWtN8E3cNqrkCbFbwaLHo-EC3TkMdeN_YXS6tChwJXkhBdR5TOi_TN07T2qxxPSYXFV1x-jUZE9ixfg9dgRRTPlGX2grtQbKA7XAIZ490o4bg&amp;__tn__=-]K-R\"><span class=\"xt0psk2\">Polish Film Festival Kinoteka<\/span><\/a>.<\/p>\n<p>&nbsp;<\/p>\n<p><strong>\u201eWielka droga<\/strong>\u201d to polsko-w\u0142oski film fabularny z 1946 roku, kt\u00f3ry zosta\u0142 wyprodukowany przez O\u015brodek Kultury i Prasy II Korpusu Polskiego. \u00a0Wykorzystano w nim materia\u0142y dokumentalne z roku 1939 i p\u00f3\u017aniejszych lat wojny. Opis fabu\u0142y: G\u0142owni bohaterowie to Adam i Irena. Poznali si\u0119 jeszcze przed wojn\u0105 we Lwowie. Mieli wsp\u00f3lne plany na przysz\u0142o\u015b\u0107. Wrzesie\u0144 1939 zniszczy\u0142 ich plany i marzenia. Zostali wywiezieni w g\u0142\u0105b Zwi\u0105zku Radzieckiego. Ponownie spotkali si\u0119 dopiero w czasie formowaniu polskiej armii. Adam poszed\u0142 wtedy walczy\u0107 u boku gen. Andersa. Zosta\u0142 ci\u0119\u017cko ranny pod Monte Cassino, mimo to ca\u0142y czas pami\u0119ta\u0142 o ukochanej, z kt\u00f3r\u0105 musia\u0142 si\u0119 roz\u0142\u0105czy\u0107.<\/p>\n<p>Ciekawostk\u0105 jest, \u017ce w filmie wykorzystano autentyczny zapis z walk pod Monte Cassino.<\/p>\n<p>Zapraszamy na nasz\u0105 fotorelacj\u0119 z wydarzenia. Autorem zdj\u0119\u0107 jest Wojciech Klas.<\/p>\n<p><img loading=\"lazy\" decoding=\"async\" class=\"alignleft size-medium wp-image-7040\" src=\"https:\/\/polishlibrarylondon.co.uk\/wp-content\/uploads\/2024\/04\/2024.03.27-BP-Kinoteka-POSK-37-Fot.-Wojciech-Klas-300x225.jpg\" alt=\"2024.03.27 BP Kinoteka POSK (37) Fot. Wojciech Klas\" width=\"300\" height=\"225\" \/><\/p>\n<p><img loading=\"lazy\" decoding=\"async\" class=\"alignleft size-medium wp-image-7041\" src=\"https:\/\/polishlibrarylondon.co.uk\/wp-content\/uploads\/2024\/04\/2024.03.27-BP-Kinoteka-POSK-20-Fot.-Wojciech-Klas-300x225.jpg\" alt=\"2024.03.27 BP Kinoteka POSK (20) Fot. Wojciech Klas\" width=\"300\" height=\"225\" \/><\/p>\n<p><img loading=\"lazy\" decoding=\"async\" class=\"alignleft size-medium wp-image-7042\" src=\"https:\/\/polishlibrarylondon.co.uk\/wp-content\/uploads\/2024\/04\/2024.03.27-BP-Kinoteka-POSK-27-Fot.-Wojciech-Klas-300x225.jpg\" alt=\"2024.03.27 BP Kinoteka POSK (27) Fot. Wojciech Klas\" width=\"300\" height=\"225\" \/><\/p>\n<p><img loading=\"lazy\" decoding=\"async\" class=\"alignleft size-medium wp-image-7043\" src=\"https:\/\/polishlibrarylondon.co.uk\/wp-content\/uploads\/2024\/04\/2024.03.27-BP-Kinoteka-POSK-41-Fot.-Wojciech-Klas-300x225.jpg\" alt=\"2024.03.27 BP Kinoteka POSK (41) Fot. Wojciech Klas\" width=\"300\" height=\"225\" \/><\/p>\n<p><img loading=\"lazy\" decoding=\"async\" class=\"alignleft size-medium wp-image-7044\" src=\"https:\/\/polishlibrarylondon.co.uk\/wp-content\/uploads\/2024\/04\/2024.03.27-BP-Kinoteka-POSK-44-Fot.-Wojciech-Klas-300x225.jpg\" alt=\"2024.03.27 BP Kinoteka POSK (44) Fot. Wojciech Klas\" width=\"300\" height=\"225\" \/><\/p>\n<p><img loading=\"lazy\" decoding=\"async\" class=\"alignleft size-medium wp-image-7045\" src=\"https:\/\/polishlibrarylondon.co.uk\/wp-content\/uploads\/2024\/04\/2024.03.27-BP-Kinoteka-POSK-13-Fot.-Wojciech-Klas-300x225.jpg\" alt=\"2024.03.27 BP Kinoteka POSK (13) Fot. Wojciech Klas\" width=\"300\" height=\"225\" \/><\/p>\n<p><img loading=\"lazy\" decoding=\"async\" class=\"alignleft size-medium wp-image-7046\" src=\"https:\/\/polishlibrarylondon.co.uk\/wp-content\/uploads\/2024\/04\/2024.03.27-BP-Kinoteka-POSK-42-Fot.-Wojciech-Klas-300x225.jpg\" alt=\"2024.03.27 BP Kinoteka POSK (42) Fot. Wojciech Klas\" width=\"300\" height=\"225\" \/><\/p>\n<p><img loading=\"lazy\" decoding=\"async\" class=\"alignleft size-medium wp-image-7047\" src=\"https:\/\/polishlibrarylondon.co.uk\/wp-content\/uploads\/2024\/04\/2024.03.27-BP-Kinoteka-POSK-35-Fot.-Wojciech-Klas-300x225.jpg\" alt=\"2024.03.27 BP Kinoteka POSK (35) Fot. Wojciech Klas\" width=\"300\" height=\"225\" \/><\/p>\n","protected":false},"excerpt":{"rendered":"<p>Serdecznie dzi\u0119kujemy za tak liczny udzia\u0142 w pokazie filmu &#8222;Wielka Droga&#8221;, kt\u00f3ry Biblioteka Polska POSK w Londynie wsp\u00f3\u0142organizowa\u0142a w ramach Polish Film Festival Kinoteka. &nbsp; \u201eWielka droga\u201d to polsko-w\u0142oski film fabularny z 1946 roku, kt\u00f3ry zosta\u0142 wyprodukowany przez O\u015brodek Kultury i Prasy II Korpusu Polskiego. \u00a0Wykorzystano w nim materia\u0142y dokumentalne z roku 1939 i p\u00f3\u017aniejszych [&hellip;]<\/p>\n","protected":false},"author":0,"featured_media":11978,"comment_status":"closed","ping_status":"open","sticky":false,"template":"","format":"standard","meta":{"_breakdance_hide_in_design_set":false,"_breakdance_tags":"","footnotes":""},"categories":[93,88],"tags":[],"class_list":["post-13178","post","type-post","status-publish","format-standard","has-post-thumbnail","hentry","category-filmy","category-prezentacje"],"meta_box":{"event_date":"","event_location":"","event_gallery":[],"external_link":""},"_links":{"self":[{"href":"https:\/\/library.appyard.uk\/en\/wp-json\/wp\/v2\/posts\/13178","targetHints":{"allow":["GET"]}}],"collection":[{"href":"https:\/\/library.appyard.uk\/en\/wp-json\/wp\/v2\/posts"}],"about":[{"href":"https:\/\/library.appyard.uk\/en\/wp-json\/wp\/v2\/types\/post"}],"replies":[{"embeddable":true,"href":"https:\/\/library.appyard.uk\/en\/wp-json\/wp\/v2\/comments?post=13178"}],"version-history":[{"count":1,"href":"https:\/\/library.appyard.uk\/en\/wp-json\/wp\/v2\/posts\/13178\/revisions"}],"predecessor-version":[{"id":13559,"href":"https:\/\/library.appyard.uk\/en\/wp-json\/wp\/v2\/posts\/13178\/revisions\/13559"}],"wp:featuredmedia":[{"embeddable":true,"href":"https:\/\/library.appyard.uk\/en\/wp-json\/wp\/v2\/media\/11978"}],"wp:attachment":[{"href":"https:\/\/library.appyard.uk\/en\/wp-json\/wp\/v2\/media?parent=13178"}],"wp:term":[{"taxonomy":"category","embeddable":true,"href":"https:\/\/library.appyard.uk\/en\/wp-json\/wp\/v2\/categories?post=13178"},{"taxonomy":"post_tag","embeddable":true,"href":"https:\/\/library.appyard.uk\/en\/wp-json\/wp\/v2\/tags?post=13178"}],"curies":[{"name":"wp","href":"https:\/\/api.w.org\/{rel}","templated":true}]}}