{"id":13174,"date":"2024-01-22T14:06:44","date_gmt":"2024-01-22T14:06:44","guid":{"rendered":"https:\/\/library.appyard.uk\/spotkanie-prezesem-ipn-dr-karolem-nawrockim\/"},"modified":"2026-08-30T21:21:11","modified_gmt":"2026-08-30T21:21:11","slug":"spotkanie-prezesem-ipn-dr-karolem-nawrockim","status":"publish","type":"post","link":"https:\/\/library.appyard.uk\/en\/spotkanie-prezesem-ipn-dr-karolem-nawrockim\/","title":{"rendered":"Spotkanie z prezesem IPN, dr Karolem Nawrockim"},"content":{"rendered":"<div dir=\"auto\">Serdecznie zapraszamy na spotkanie z prezesem Instytutu Pami\u0119ci Narodowej, <strong>dr Karolem Nawrockim<\/strong>, kt\u00f3re odb\u0119dzie si\u0119 9 lutego o godz.: 18:30 w Sali Malinowej POSK.<\/div>\n<div dir=\"auto\">Tematem spotkania b\u0119dzie &#8222;Polska historia bez granic&#8221;.<\/div>\n<div dir=\"auto\">\n<p>&nbsp;<\/p>\n<p>&nbsp;<\/p>\n<p><strong>Dr Karol Nawrocki, prezes Instytutu Pami\u0119ci Narodowej:<\/strong><\/p>\n<p>Absolwent Instytutu Historii Uniwersytetu Gda\u0144skiego, od 2013 r. doktor nauk humanistycznych. W 2023 r. uko\u0144czy\u0142 studia podyplomowe International MBA in Strategy, Programme and Project Management na Politechnice Gda\u0144skiej.<\/p>\n<p>Od stycznia 2009 r. pracownik Instytutu Pami\u0119ci Narodowej; w latach 2014\u20132017 pe\u0142ni\u0142 funkcj\u0119 naczelnika Oddzia\u0142owego Biura Edukacji Publicznej IPN Gda\u0144sk, koordynuj\u0105c prace naukowo-edukacyjne na terenie gda\u0144skiego oddzia\u0142u IPN. Od kwietnia 2017 r. dyrektor Muzeum II Wojny \u015awiatowej w Gda\u0144sku.<\/p>\n<p>Autor i redaktor siedmiu ksi\u0105\u017cek oraz kilkudziesi\u0119ciu artyku\u0142\u00f3w naukowych i publicystycznych z zakresu najnowszej historii Polski. Inicjator, konsultant oraz wsp\u00f3\u0142autor wielu projekt\u00f3w memoratywnych, edukacyjnych oraz ekspozycyjnych, w tym wystaw: \u201eWalka i Cierpienie. Obywatele polscy podczas II wojny \u015bwiatowej\u201d, \u201eMilion zza Oceanu\u201d, \u201eWesterplatte w 7 ods\u0142onach\u201d, \u201eB\u0105d\u017acie bezlito\u015bni, b\u0105d\u017acie brutalni&#8230;\u201d oraz \u201eDziedzictwo utracone\u201d. Inicjator \u015awiatowego Forum Muze\u00f3w P\u00f3l Bitewnych (World Battlefield Museums Forum). Zaanga\u017cowany w opowiadanie prawdy o polskim do\u015bwiadczeniu II wojny \u015bwiatowej za granic\u0105. Organizator oraz uczestnik mi\u0119dzynarodowej konferencji naukowej \u201ePakt dla wojny. Zmowa Hitler-Stalin z 23 sierpnia 1939 r. z perspektywy 80 lat od wybuchu II wojny \u015bwiatowej\u201d.<\/p>\n<p>Pe\u0142nomocnik Ministra Kultury i Dziedzictwa Narodowego ds. organizacji obchod\u00f3w 80. rocznicy wybuchu II wojny \u015bwiatowej, w ramach, kt\u00f3rych w Polsce i na ca\u0142ym \u015bwiecie odby\u0142o si\u0119 kilkaset wydarze\u0144, anga\u017cuj\u0105cych \u0142\u0105cznie ponad 33 milion\u00f3w odbiorc\u00f3w. Wsp\u00f3lnie z Ministerstwem Spraw Zagranicznych w 2019 r. zainicjowa\u0142 oraz koordynowa\u0142 realizacj\u0119 mi\u0119dzynarodowego projektu wystawienniczego \u201eFighting and Suffering\u201d, kt\u00f3ry sta\u0142 si\u0119 najwi\u0119ksz\u0105 tego typu akcj\u0105 informacyjn\u0105 w historii polskiej dyplomacji. Przedsi\u0119wzi\u0119cie to umo\u017cliwi\u0142o zaprezentowanie opowie\u015bci o polskim do\u015bwiadczeniu w czasie II wojny \u015bwiatowej w ponad 150 miejscach na ca\u0142ym \u015bwiecie.<\/p>\n<\/div>\n<p><img loading=\"lazy\" decoding=\"async\" class=\"alignleft size-medium wp-image-7005\" src=\"https:\/\/polishlibrarylondon.co.uk\/wp-content\/uploads\/2024\/01\/BP_IPN_K_NAWROCKI_FACEBOOK-212x300.jpg\" alt=\"BP_IPN_K_NAWROCKI_FACEBOOK\" width=\"212\" height=\"300\" \/><\/p>","protected":false},"excerpt":{"rendered":"<p>Serdecznie zapraszamy na spotkanie z prezesem Instytutu Pami\u0119ci Narodowej, dr Karolem Nawrockim, kt\u00f3re odb\u0119dzie si\u0119 9 lutego o godz.: 18:30 w Sali Malinowej POSK. Tematem spotkania b\u0119dzie &#8222;Polska historia bez granic&#8221;. &nbsp; &nbsp; Dr Karol Nawrocki, prezes Instytutu Pami\u0119ci Narodowej: Absolwent Instytutu Historii Uniwersytetu Gda\u0144skiego, od 2013 r. doktor nauk humanistycznych. W 2023 r. uko\u0144czy\u0142 [&hellip;]<\/p>\n","protected":false},"author":0,"featured_media":11991,"comment_status":"closed","ping_status":"open","sticky":false,"template":"","format":"standard","meta":{"_breakdance_hide_in_design_set":false,"_breakdance_tags":"","footnotes":""},"categories":[82,80,87],"tags":[],"class_list":["post-13174","post","type-post","status-publish","format-standard","has-post-thumbnail","hentry","category-spotkania","category-wydarzenia","category-wyklady"],"meta_box":{"event_date":"","event_location":"","event_gallery":[],"external_link":""},"_links":{"self":[{"href":"https:\/\/library.appyard.uk\/en\/wp-json\/wp\/v2\/posts\/13174","targetHints":{"allow":["GET"]}}],"collection":[{"href":"https:\/\/library.appyard.uk\/en\/wp-json\/wp\/v2\/posts"}],"about":[{"href":"https:\/\/library.appyard.uk\/en\/wp-json\/wp\/v2\/types\/post"}],"replies":[{"embeddable":true,"href":"https:\/\/library.appyard.uk\/en\/wp-json\/wp\/v2\/comments?post=13174"}],"version-history":[{"count":1,"href":"https:\/\/library.appyard.uk\/en\/wp-json\/wp\/v2\/posts\/13174\/revisions"}],"predecessor-version":[{"id":13555,"href":"https:\/\/library.appyard.uk\/en\/wp-json\/wp\/v2\/posts\/13174\/revisions\/13555"}],"wp:featuredmedia":[{"embeddable":true,"href":"https:\/\/library.appyard.uk\/en\/wp-json\/wp\/v2\/media\/11991"}],"wp:attachment":[{"href":"https:\/\/library.appyard.uk\/en\/wp-json\/wp\/v2\/media?parent=13174"}],"wp:term":[{"taxonomy":"category","embeddable":true,"href":"https:\/\/library.appyard.uk\/en\/wp-json\/wp\/v2\/categories?post=13174"},{"taxonomy":"post_tag","embeddable":true,"href":"https:\/\/library.appyard.uk\/en\/wp-json\/wp\/v2\/tags?post=13174"}],"curies":[{"name":"wp","href":"https:\/\/api.w.org\/{rel}","templated":true}]}}