{"id":13170,"date":"2023-11-27T14:29:02","date_gmt":"2023-11-27T14:29:02","guid":{"rendered":"https:\/\/library.appyard.uk\/robert-kostro-muzeum-historii-polski-jozef-mackiewicz-poszukiwaniu-prawdy-film-dokumentalny\/"},"modified":"2026-08-30T21:21:11","modified_gmt":"2026-08-30T21:21:11","slug":"robert-kostro-muzeum-historii-polski-jozef-mackiewicz-poszukiwaniu-prawdy-film-dokumentalny","status":"publish","type":"post","link":"https:\/\/library.appyard.uk\/en\/robert-kostro-muzeum-historii-polski-jozef-mackiewicz-poszukiwaniu-prawdy-film-dokumentalny\/","title":{"rendered":"Robert Kostro: Muzeum Historii Polski. J\u00f3zef Mackiewicz w poszukiwaniu prawdy &#8211; film dokumentalny"},"content":{"rendered":"<div dir=\"auto\">\n<p><strong>Biblioteka Polska POSK zaprasza:\u00a0<\/strong><strong>Pokaz filmu \u201eJ\u00f3zef Mackiewicz. W poszukiwaniu prawdy\u201d.<\/strong><\/p>\n<p>&nbsp;<\/p>\n<p>W filmie \u201eJ\u00f3zef Mackiewicz. W poszukiwaniu prawdy\u201d, wyprodukowanym przez Muzeum Historii Polski, tw\u00f3rcy staraj\u0105 si\u0119 odpowiedzie\u0107 na pytania: na czym polega\u0142 fenomen Mackiewicza \u2013 pisarza, kt\u00f3ry zdaniem jednego z ekspert\u00f3w \u201enadal pisze\u201d? Dlaczego jego tw\u00f3rczo\u015b\u0107 do dzi\u015b wzbudza gor\u0105ce spory? Film pokazuje pisarza, wok\u00f3\u0142, kt\u00f3rego przez lata naros\u0142o wiele tajemnic i przek\u0142ama\u0144. Pisarza, kt\u00f3ry z powodu swojej niez\u0142omnej postawy dos\u0142ownie ryzykowa\u0142 \u017cyciem. Tw\u00f3rcy pod\u0105\u017caj\u0105 \u015bladami J\u00f3zefa Mackiewicza odwiedzaj\u0105c miejsca, w kt\u00f3rych dorasta\u0142 i mieszka\u0142 przysz\u0142y wielki pisarz (Wilno, Czarny B\u00f3r). W\u0119druj\u0105 tak\u017ce szlakiem powojennej odysei pisarza i jego \u017cony Barbary Toporskiej (Londyn, Monachium). O \u017cyciu i tw\u00f3rczo\u015bci Mackiewicza opowiadaj\u0105 ludzie, kt\u00f3rzy mieli szans\u0119 go pozna\u0107 osobi\u015bcie, eksperci oraz mi\u0142o\u015bnicy jego prozy.<\/p>\n<p>Sejm RP, uznaj\u0105c wielko\u015b\u0107 dorobku J\u00f3zefa Mackiewicza, ustanowi\u0142 rok 2022 Rokiem J\u00f3zefa Mackiewicza. Polski Sejm doceni\u0142 pisarza, kt\u00f3rego przez ca\u0142e swoje \u017cycie charakteryzowa\u0142 nieprzejednany, negatywny stosunek do komunizmu; kt\u00f3ry wytrwale wspiera\u0142 idee niepodleg\u0142o\u015bci Polski, wolno\u015bci i przyjaznego wsp\u00f3\u0142istnienia narod\u00f3w Europy \u015arodkowo-Wschodniej; kt\u00f3ry zgodnie ze swoj\u0105 dewiz\u0105 \u201ejedynie prawda jest ciekawa\u201d opisywa\u0142 te wydarzenia z historii Polski i Europy, kt\u00f3re inni pr\u00f3bowali ukry\u0107 lub zamilcze\u0107.<\/p>\n<p>Za pomoc w realizacji tw\u00f3rcy filmu sk\u0142adaj\u0105 podzi\u0119kowania Annie Buchmann z Muzeum w Rapperswilu, dr Dobros\u0142awa Platt, Dyrektor Biblioteki Polskiej W Londynie (POSK). Leonardasowi Vilkasowi z Wilna, Andrzejowi \u015awidlickiemu.<\/p>\n<p>Na pokaz filmu z udzia\u0142em Roberta Kostro z Muzeum Historii Polski zapraszamy we wtorek 5 grudnia do Sali Malinowej POSK na godz.: 18:30.<\/p>\n<p><strong>UWAGA! Film z angielskimi napisami &#8211; zapraszamy tak\u017ce angloj\u0119zycznych widz\u00f3w!<\/strong><\/p>\n<p>Do zobaczenia!<\/p>\n<\/div>\n<div dir=\"auto\"><\/div>\n<div dir=\"auto\"><img loading=\"lazy\" decoding=\"async\" class=\"alignleft size-medium wp-image-6941\" src=\"https:\/\/polishlibrarylondon.co.uk\/wp-content\/uploads\/2023\/11\/BP_Kostro_Mackiewicz_FACEBOOK-212x300.jpg\" alt=\"BP_Kostro_Mackiewicz_FACEBOOK\" width=\"212\" height=\"300\" \/><\/div>","protected":false},"excerpt":{"rendered":"<p>Biblioteka Polska POSK zaprasza:\u00a0Pokaz filmu \u201eJ\u00f3zef Mackiewicz. W poszukiwaniu prawdy\u201d. &nbsp; W filmie \u201eJ\u00f3zef Mackiewicz. W poszukiwaniu prawdy\u201d, wyprodukowanym przez Muzeum Historii Polski, tw\u00f3rcy staraj\u0105 si\u0119 odpowiedzie\u0107 na pytania: na czym polega\u0142 fenomen Mackiewicza \u2013 pisarza, kt\u00f3ry zdaniem jednego z ekspert\u00f3w \u201enadal pisze\u201d? Dlaczego jego tw\u00f3rczo\u015b\u0107 do dzi\u015b wzbudza gor\u0105ce spory? Film pokazuje pisarza, wok\u00f3\u0142, [&hellip;]<\/p>\n","protected":false},"author":0,"featured_media":10361,"comment_status":"closed","ping_status":"open","sticky":false,"template":"","format":"standard","meta":{"_breakdance_hide_in_design_set":false,"_breakdance_tags":"","footnotes":""},"categories":[82,80],"tags":[],"class_list":["post-13170","post","type-post","status-publish","format-standard","has-post-thumbnail","hentry","category-spotkania","category-wydarzenia"],"meta_box":{"event_date":"","event_location":"","event_gallery":[],"external_link":""},"_links":{"self":[{"href":"https:\/\/library.appyard.uk\/en\/wp-json\/wp\/v2\/posts\/13170","targetHints":{"allow":["GET"]}}],"collection":[{"href":"https:\/\/library.appyard.uk\/en\/wp-json\/wp\/v2\/posts"}],"about":[{"href":"https:\/\/library.appyard.uk\/en\/wp-json\/wp\/v2\/types\/post"}],"replies":[{"embeddable":true,"href":"https:\/\/library.appyard.uk\/en\/wp-json\/wp\/v2\/comments?post=13170"}],"version-history":[{"count":1,"href":"https:\/\/library.appyard.uk\/en\/wp-json\/wp\/v2\/posts\/13170\/revisions"}],"predecessor-version":[{"id":13551,"href":"https:\/\/library.appyard.uk\/en\/wp-json\/wp\/v2\/posts\/13170\/revisions\/13551"}],"wp:featuredmedia":[{"embeddable":true,"href":"https:\/\/library.appyard.uk\/en\/wp-json\/wp\/v2\/media\/10361"}],"wp:attachment":[{"href":"https:\/\/library.appyard.uk\/en\/wp-json\/wp\/v2\/media?parent=13170"}],"wp:term":[{"taxonomy":"category","embeddable":true,"href":"https:\/\/library.appyard.uk\/en\/wp-json\/wp\/v2\/categories?post=13170"},{"taxonomy":"post_tag","embeddable":true,"href":"https:\/\/library.appyard.uk\/en\/wp-json\/wp\/v2\/tags?post=13170"}],"curies":[{"name":"wp","href":"https:\/\/api.w.org\/{rel}","templated":true}]}}