{"id":13164,"date":"2023-08-17T11:53:40","date_gmt":"2023-08-17T11:53:40","guid":{"rendered":"https:\/\/library.appyard.uk\/scenie-zycia-irena-delmar\/"},"modified":"2026-08-30T21:21:10","modified_gmt":"2026-08-30T21:21:10","slug":"scenie-zycia-irena-delmar","status":"publish","type":"post","link":"https:\/\/library.appyard.uk\/en\/scenie-zycia-irena-delmar\/","title":{"rendered":"Na scenie \u017cycia z Iren\u0105 Delmar"},"content":{"rendered":"<p>Biblioteka Polska POSK serdecznie zaprasza na wyj\u0105tkowe spotkanie z Iren\u0105 Delmar-Czarneck\u0105, kt\u00f3ry odb\u0119dzie si\u0119 w sobot\u0119 2 wrze\u015bnia w godz. 17:00 w Teatrze POSK. W rozmowie na scenie Teatru POSK udzia\u0142 wezm\u0105: Irena Delmar, Anna Maria Anders oraz Ewa Urszula Stepan.<br \/>\nPodczas wydarzenia b\u0119dzie mo\u017cliwo\u015b\u0107 zakupu ksiazki z autografem autorki.<br \/>\nZapraszamy!<br \/>\nBezp\u0142atne bilety wstepu mo\u017cna ju\u017c rezerwowa\u0107 pod tym linkiem: <a href=\"https:\/\/www.eventbrite.co.uk\/e\/na-scenie-zycia-irena-delmar-czarnecka-promocja-ksiazki-w-teatrze-posk-tickets-682100329447?aff=oddtdtcreator&amp;fbclid=IwAR1NV2Iqa3vH3KVUxzWmfSf-pSv9DHDj0uIIRMV4-u8RG4N6BRZhDGPZrVU\">&#8222;Na scenie \u017cycia. Irena Delmar-Czarnecka&#8221;. Promocja ksi\u0105\u017cki w Teatrze POSK Tickets, Sat 2 Sep 2023 at 17:00 | Eventbrite<\/a><\/p>\n<p>&nbsp;<\/p>\n<div id=\"attachment_6893\" style=\"width: 222px\" class=\"wp-caption alignleft\"><img loading=\"lazy\" decoding=\"async\" aria-describedby=\"caption-attachment-6893\" class=\"size-medium wp-image-6893\" src=\"https:\/\/polishlibrarylondon.co.uk\/wp-content\/uploads\/2023\/08\/BP_IRENA_DELMAR_corr_FACEBOOK-212x300.jpg\" alt=\"Na scenie ycia z Iren\u00e1 Delmar\" width=\"212\" height=\"300\" \/><p id=\"caption-attachment-6893\" class=\"wp-caption-text\">Na scenie \u017cycia z Iren\u0105 Delmar<\/p><\/div>","protected":false},"excerpt":{"rendered":"<p>Biblioteka Polska POSK serdecznie zaprasza na wyj\u0105tkowe spotkanie z Iren\u0105 Delmar-Czarneck\u0105, kt\u00f3ry odb\u0119dzie si\u0119 w sobot\u0119 2 wrze\u015bnia w godz. 17:00 w Teatrze POSK. W rozmowie na scenie Teatru POSK udzia\u0142 wezm\u0105: Irena Delmar, Anna Maria Anders oraz Ewa Urszula Stepan. Podczas wydarzenia b\u0119dzie mo\u017cliwo\u015b\u0107 zakupu ksiazki z autografem autorki. Zapraszamy! Bezp\u0142atne bilety wstepu mo\u017cna [&hellip;]<\/p>\n","protected":false},"author":0,"featured_media":10393,"comment_status":"closed","ping_status":"open","sticky":false,"template":"","format":"standard","meta":{"_breakdance_hide_in_design_set":false,"_breakdance_tags":"","footnotes":""},"categories":[82,80],"tags":[],"class_list":["post-13164","post","type-post","status-publish","format-standard","has-post-thumbnail","hentry","category-spotkania","category-wydarzenia"],"meta_box":{"event_date":"","event_location":"","event_gallery":[],"external_link":""},"_links":{"self":[{"href":"https:\/\/library.appyard.uk\/en\/wp-json\/wp\/v2\/posts\/13164","targetHints":{"allow":["GET"]}}],"collection":[{"href":"https:\/\/library.appyard.uk\/en\/wp-json\/wp\/v2\/posts"}],"about":[{"href":"https:\/\/library.appyard.uk\/en\/wp-json\/wp\/v2\/types\/post"}],"replies":[{"embeddable":true,"href":"https:\/\/library.appyard.uk\/en\/wp-json\/wp\/v2\/comments?post=13164"}],"version-history":[{"count":1,"href":"https:\/\/library.appyard.uk\/en\/wp-json\/wp\/v2\/posts\/13164\/revisions"}],"predecessor-version":[{"id":13545,"href":"https:\/\/library.appyard.uk\/en\/wp-json\/wp\/v2\/posts\/13164\/revisions\/13545"}],"wp:featuredmedia":[{"embeddable":true,"href":"https:\/\/library.appyard.uk\/en\/wp-json\/wp\/v2\/media\/10393"}],"wp:attachment":[{"href":"https:\/\/library.appyard.uk\/en\/wp-json\/wp\/v2\/media?parent=13164"}],"wp:term":[{"taxonomy":"category","embeddable":true,"href":"https:\/\/library.appyard.uk\/en\/wp-json\/wp\/v2\/categories?post=13164"},{"taxonomy":"post_tag","embeddable":true,"href":"https:\/\/library.appyard.uk\/en\/wp-json\/wp\/v2\/tags?post=13164"}],"curies":[{"name":"wp","href":"https:\/\/api.w.org\/{rel}","templated":true}]}}