{"id":13162,"date":"2023-07-10T10:10:42","date_gmt":"2023-07-10T10:10:42","guid":{"rendered":"https:\/\/library.appyard.uk\/wystawa-joseph-conrad-zycie-tworczosc\/"},"modified":"2026-08-30T21:21:10","modified_gmt":"2026-08-30T21:21:10","slug":"wystawa-joseph-conrad-zycie-tworczosc","status":"publish","type":"post","link":"https:\/\/library.appyard.uk\/en\/wystawa-joseph-conrad-zycie-tworczosc\/","title":{"rendered":"Wystawa Joseph Conrad: \u017cycie i tw\u00f3rczo\u015b\u0107"},"content":{"rendered":"<div dir=\"auto\">Serdecznie zapraszamy na wystaw\u0119 po\u015bwi\u0119con\u0105 \u017cyciu i tw\u00f3rczo\u015bci Josepha Conrada. Zapraszamy do Sali Or\u0142\u00f3w POSK w Londynie do ko\u0144ca lipca.<\/div>\n<div dir=\"auto\">Dofinansowano ze \u015brodk\u00f3w Ministerstwa Kultury i Dziedzictwa Narodowego Rzeczypospolitej Polskiej.<\/div>\n<div dir=\"auto\"><img loading=\"lazy\" decoding=\"async\" class=\"alignleft size-medium wp-image-7018\" src=\"https:\/\/polishlibrarylondon.co.uk\/wp-content\/uploads\/2023\/06\/OIP-300x84.jpg\" alt=\"OIP\" width=\"300\" height=\"84\" \/><\/div>\n<div dir=\"auto\"><\/div>\n<div dir=\"auto\"><\/div>","protected":false},"excerpt":{"rendered":"<p>Serdecznie zapraszamy na wystaw\u0119 po\u015bwi\u0119con\u0105 \u017cyciu i tw\u00f3rczo\u015bci Josepha Conrada. Zapraszamy do Sali Or\u0142\u00f3w POSK w Londynie do ko\u0144ca lipca. Dofinansowano ze \u015brodk\u00f3w Ministerstwa Kultury i Dziedzictwa Narodowego Rzeczypospolitej Polskiej.<\/p>","protected":false},"author":0,"featured_media":10383,"comment_status":"closed","ping_status":"open","sticky":false,"template":"","format":"standard","meta":{"_breakdance_hide_in_design_set":false,"_breakdance_tags":"","footnotes":""},"categories":[82,80,86],"tags":[111,316,315],"class_list":["post-13162","post","type-post","status-publish","format-standard","has-post-thumbnail","hentry","category-spotkania","category-wydarzenia","category-wystawy","tag-joseph-conrad","tag-posk-london","tag-wystawy"],"meta_box":{"event_date":"","event_location":"","event_gallery":[],"external_link":""},"_links":{"self":[{"href":"https:\/\/library.appyard.uk\/en\/wp-json\/wp\/v2\/posts\/13162","targetHints":{"allow":["GET"]}}],"collection":[{"href":"https:\/\/library.appyard.uk\/en\/wp-json\/wp\/v2\/posts"}],"about":[{"href":"https:\/\/library.appyard.uk\/en\/wp-json\/wp\/v2\/types\/post"}],"replies":[{"embeddable":true,"href":"https:\/\/library.appyard.uk\/en\/wp-json\/wp\/v2\/comments?post=13162"}],"version-history":[{"count":1,"href":"https:\/\/library.appyard.uk\/en\/wp-json\/wp\/v2\/posts\/13162\/revisions"}],"predecessor-version":[{"id":13543,"href":"https:\/\/library.appyard.uk\/en\/wp-json\/wp\/v2\/posts\/13162\/revisions\/13543"}],"wp:featuredmedia":[{"embeddable":true,"href":"https:\/\/library.appyard.uk\/en\/wp-json\/wp\/v2\/media\/10383"}],"wp:attachment":[{"href":"https:\/\/library.appyard.uk\/en\/wp-json\/wp\/v2\/media?parent=13162"}],"wp:term":[{"taxonomy":"category","embeddable":true,"href":"https:\/\/library.appyard.uk\/en\/wp-json\/wp\/v2\/categories?post=13162"},{"taxonomy":"post_tag","embeddable":true,"href":"https:\/\/library.appyard.uk\/en\/wp-json\/wp\/v2\/tags?post=13162"}],"curies":[{"name":"wp","href":"https:\/\/api.w.org\/{rel}","templated":true}]}}