{"id":13155,"date":"2022-11-21T15:40:22","date_gmt":"2022-11-21T15:40:22","guid":{"rendered":"https:\/\/library.appyard.uk\/narodowe-czytanie-ballad-romansow-adama-mickiewicza-3\/"},"modified":"2026-08-30T21:21:10","modified_gmt":"2026-08-30T21:21:10","slug":"narodowe-czytanie-ballad-romansow-adama-mickiewicza-3","status":"publish","type":"post","link":"https:\/\/library.appyard.uk\/en\/narodowe-czytanie-ballad-romansow-adama-mickiewicza-3\/","title":{"rendered":"Narodowe Czytanie &#8222;Ballad i Romans\u00f3w&#8221; Adama Mickiewicza"},"content":{"rendered":"<p>W sobot\u0119 19 listopada przedstawiciele: Konsulatu RP, instytucji polonijnych oraz m\u0142odzie\u017c z polskich szk\u00f3\u0142 sobotnich wzi\u0119li udzia\u0142 w Narodowym Czytaniu &#8222;Ballad i Romans\u00f3w&#8221; Adama Mickiewicza.<\/p>\n<div dir=\"auto\">Zapraszamy do obejrzenia fotorelacji.<\/div>\n<div dir=\"auto\">Fot. Justyna W\u0119glarz<\/div>","protected":false},"excerpt":{"rendered":"<p>W sobot\u0119 19 listopada przedstawiciele: Konsulatu RP, instytucji polonijnych oraz m\u0142odzie\u017c z polskich szk\u00f3\u0142 sobotnich wzi\u0119li udzia\u0142 w Narodowym Czytaniu &#8222;Ballad i Romans\u00f3w&#8221; Adama Mickiewicza. Zapraszamy do obejrzenia fotorelacji. Fot. Justyna W\u0119glarz<\/p>","protected":false},"author":0,"featured_media":0,"comment_status":"closed","ping_status":"open","sticky":false,"template":"","format":"standard","meta":{"_breakdance_hide_in_design_set":false,"_breakdance_tags":"","footnotes":""},"categories":[82,80],"tags":[],"class_list":["post-13155","post","type-post","status-publish","format-standard","hentry","category-spotkania","category-wydarzenia"],"meta_box":{"event_date":"","event_location":"","event_gallery":[],"external_link":""},"_links":{"self":[{"href":"https:\/\/library.appyard.uk\/en\/wp-json\/wp\/v2\/posts\/13155","targetHints":{"allow":["GET"]}}],"collection":[{"href":"https:\/\/library.appyard.uk\/en\/wp-json\/wp\/v2\/posts"}],"about":[{"href":"https:\/\/library.appyard.uk\/en\/wp-json\/wp\/v2\/types\/post"}],"replies":[{"embeddable":true,"href":"https:\/\/library.appyard.uk\/en\/wp-json\/wp\/v2\/comments?post=13155"}],"version-history":[{"count":1,"href":"https:\/\/library.appyard.uk\/en\/wp-json\/wp\/v2\/posts\/13155\/revisions"}],"predecessor-version":[{"id":13536,"href":"https:\/\/library.appyard.uk\/en\/wp-json\/wp\/v2\/posts\/13155\/revisions\/13536"}],"wp:attachment":[{"href":"https:\/\/library.appyard.uk\/en\/wp-json\/wp\/v2\/media?parent=13155"}],"wp:term":[{"taxonomy":"category","embeddable":true,"href":"https:\/\/library.appyard.uk\/en\/wp-json\/wp\/v2\/categories?post=13155"},{"taxonomy":"post_tag","embeddable":true,"href":"https:\/\/library.appyard.uk\/en\/wp-json\/wp\/v2\/tags?post=13155"}],"curies":[{"name":"wp","href":"https:\/\/api.w.org\/{rel}","templated":true}]}}