{"id":13146,"date":"2022-04-20T13:39:01","date_gmt":"2022-04-20T13:39:01","guid":{"rendered":"https:\/\/library.appyard.uk\/konferencja-naukowa-poswiecona-jozefowi-mackiewiczowi\/"},"modified":"2026-08-30T21:21:10","modified_gmt":"2026-08-30T21:21:10","slug":"konferencja-naukowa-poswiecona-jozefowi-mackiewiczowi","status":"publish","type":"post","link":"https:\/\/library.appyard.uk\/en\/konferencja-naukowa-poswiecona-jozefowi-mackiewiczowi\/","title":{"rendered":"Konferencja naukowa po\u015bwi\u0119cona J\u00f3zefowi Mackiewiczowi"},"content":{"rendered":"<div class=\"\" dir=\"auto\">\n<div id=\"jsc_c_2b\" class=\"ecm0bbzt hv4rvrfc ihqw7lf3 dati1w0a\" data-ad-comet-preview=\"message\" data-ad-preview=\"message\">\n<div class=\"j83agx80 cbu4d94t ew0dbk1b irj2b8pg\">\n<div class=\"qzhwtbm6 knvmm38d\">\n<div class=\"kvgmc6g5 cxmmr5t8 oygrvhab hcukyx3x c1et5uql ii04i59q\">\n<div dir=\"auto\">Biblioteka Polska POSK w Londynie zaprasza na konferencj\u0119 inauguruj\u0105c\u0105 obchody 80-lecia dzia\u0142alno\u015bci.<\/div>\n<div dir=\"auto\">Rozpoczynamy od konferencji naukowej po\u015bwi\u0119conej J\u00f3zefowi Mackiewiczowi.<\/div>\n<div dir=\"auto\">Sala Malinowa POSK, 30 kwietnia 2022, godz. 10.00.<\/div>\n<div dir=\"auto\">Liczba miejsc ograniczona. Rejestracja: library@polishlibrary.co.uk, tel. 020-8741-0474<\/div>\n<\/div>\n<\/div>\n<\/div>\n<\/div>\n<\/div>","protected":false},"excerpt":{"rendered":"<p>Biblioteka Polska POSK w Londynie zaprasza na konferencj\u0119 inauguruj\u0105c\u0105 obchody 80-lecia dzia\u0142alno\u015bci. Rozpoczynamy od konferencji naukowej po\u015bwi\u0119conej J\u00f3zefowi Mackiewiczowi. Sala Malinowa POSK, 30 kwietnia 2022, godz. 10.00. Liczba miejsc ograniczona. Rejestracja: library@polishlibrary.co.uk, tel. 020-8741-0474<\/p>","protected":false},"author":0,"featured_media":11884,"comment_status":"closed","ping_status":"open","sticky":false,"template":"","format":"standard","meta":{"_breakdance_hide_in_design_set":false,"_breakdance_tags":"","footnotes":""},"categories":[83],"tags":[],"class_list":["post-13146","post","type-post","status-publish","format-standard","has-post-thumbnail","hentry","category-konferencje"],"meta_box":{"event_date":"","event_location":"","event_gallery":[],"external_link":""},"_links":{"self":[{"href":"https:\/\/library.appyard.uk\/en\/wp-json\/wp\/v2\/posts\/13146","targetHints":{"allow":["GET"]}}],"collection":[{"href":"https:\/\/library.appyard.uk\/en\/wp-json\/wp\/v2\/posts"}],"about":[{"href":"https:\/\/library.appyard.uk\/en\/wp-json\/wp\/v2\/types\/post"}],"replies":[{"embeddable":true,"href":"https:\/\/library.appyard.uk\/en\/wp-json\/wp\/v2\/comments?post=13146"}],"version-history":[{"count":1,"href":"https:\/\/library.appyard.uk\/en\/wp-json\/wp\/v2\/posts\/13146\/revisions"}],"predecessor-version":[{"id":13527,"href":"https:\/\/library.appyard.uk\/en\/wp-json\/wp\/v2\/posts\/13146\/revisions\/13527"}],"wp:featuredmedia":[{"embeddable":true,"href":"https:\/\/library.appyard.uk\/en\/wp-json\/wp\/v2\/media\/11884"}],"wp:attachment":[{"href":"https:\/\/library.appyard.uk\/en\/wp-json\/wp\/v2\/media?parent=13146"}],"wp:term":[{"taxonomy":"category","embeddable":true,"href":"https:\/\/library.appyard.uk\/en\/wp-json\/wp\/v2\/categories?post=13146"},{"taxonomy":"post_tag","embeddable":true,"href":"https:\/\/library.appyard.uk\/en\/wp-json\/wp\/v2\/tags?post=13146"}],"curies":[{"name":"wp","href":"https:\/\/api.w.org\/{rel}","templated":true}]}}