{"id":13139,"date":"2021-11-24T12:10:38","date_gmt":"2021-11-24T12:10:38","guid":{"rendered":"https:\/\/library.appyard.uk\/fotorelacja-ze-spotkania-poswieconego-zbigniewowi-siemaszce-ktory-zmarl-2-lutego-2021\/"},"modified":"2026-08-30T21:21:09","modified_gmt":"2026-08-30T21:21:09","slug":"fotorelacja-ze-spotkania-poswieconego-zbigniewowi-siemaszce-ktory-zmarl-2-lutego-2021","status":"publish","type":"post","link":"https:\/\/library.appyard.uk\/en\/fotorelacja-ze-spotkania-poswieconego-zbigniewowi-siemaszce-ktory-zmarl-2-lutego-2021\/","title":{"rendered":"Fotorelacja ze spotkania po\u015bwi\u0119conego Zbigniewowi Siemaszce, kt\u00f3ry zmar\u0142 2 lutego 2021"},"content":{"rendered":"<div class=\"\" dir=\"auto\">\n<div id=\"jsc_c_1tj\" class=\"ecm0bbzt hv4rvrfc ihqw7lf3 dati1w0a\" data-ad-comet-preview=\"message\" data-ad-preview=\"message\">\n<div class=\"j83agx80 cbu4d94t ew0dbk1b irj2b8pg\">\n<div class=\"qzhwtbm6 knvmm38d\">\n<div class=\"kvgmc6g5 cxmmr5t8 oygrvhab hcukyx3x c1et5uql ii04i59q\">\n<div dir=\"auto\">Zapraszamy do obejrzenia fotorelacji ze spotkania po\u015bwi\u0119conego Zbigniewowi Siemaszce, kt\u00f3ry zmar\u0142 2 lutego 2021.<\/div>\n<div dir=\"auto\">Fot. Wojciech Klas.<\/div>\n<\/div>\n<\/div>\n<\/div>\n<\/div>\n<\/div>\n<p>&nbsp;<\/p>","protected":false},"excerpt":{"rendered":"<p>Zapraszamy do obejrzenia fotorelacji ze spotkania po\u015bwi\u0119conego Zbigniewowi Siemaszce, kt\u00f3ry zmar\u0142 2 lutego 2021. Fot. Wojciech Klas. &nbsp;<\/p>","protected":false},"author":0,"featured_media":10811,"comment_status":"closed","ping_status":"open","sticky":false,"template":"","format":"standard","meta":{"_breakdance_hide_in_design_set":false,"_breakdance_tags":"","footnotes":""},"categories":[82],"tags":[],"class_list":["post-13139","post","type-post","status-publish","format-standard","has-post-thumbnail","hentry","category-spotkania"],"meta_box":{"event_date":"","event_location":"","event_gallery":[],"external_link":""},"_links":{"self":[{"href":"https:\/\/library.appyard.uk\/en\/wp-json\/wp\/v2\/posts\/13139","targetHints":{"allow":["GET"]}}],"collection":[{"href":"https:\/\/library.appyard.uk\/en\/wp-json\/wp\/v2\/posts"}],"about":[{"href":"https:\/\/library.appyard.uk\/en\/wp-json\/wp\/v2\/types\/post"}],"replies":[{"embeddable":true,"href":"https:\/\/library.appyard.uk\/en\/wp-json\/wp\/v2\/comments?post=13139"}],"version-history":[{"count":1,"href":"https:\/\/library.appyard.uk\/en\/wp-json\/wp\/v2\/posts\/13139\/revisions"}],"predecessor-version":[{"id":13520,"href":"https:\/\/library.appyard.uk\/en\/wp-json\/wp\/v2\/posts\/13139\/revisions\/13520"}],"wp:featuredmedia":[{"embeddable":true,"href":"https:\/\/library.appyard.uk\/en\/wp-json\/wp\/v2\/media\/10811"}],"wp:attachment":[{"href":"https:\/\/library.appyard.uk\/en\/wp-json\/wp\/v2\/media?parent=13139"}],"wp:term":[{"taxonomy":"category","embeddable":true,"href":"https:\/\/library.appyard.uk\/en\/wp-json\/wp\/v2\/categories?post=13139"},{"taxonomy":"post_tag","embeddable":true,"href":"https:\/\/library.appyard.uk\/en\/wp-json\/wp\/v2\/tags?post=13139"}],"curies":[{"name":"wp","href":"https:\/\/api.w.org\/{rel}","templated":true}]}}