{"id":13138,"date":"2021-11-08T12:30:38","date_gmt":"2021-11-08T12:30:38","guid":{"rendered":"https:\/\/library.appyard.uk\/spotkanie-poswiecone-zbigniewowi-siemaszce\/"},"modified":"2026-08-30T21:21:09","modified_gmt":"2026-08-30T21:21:09","slug":"spotkanie-poswiecone-zbigniewowi-siemaszce","status":"publish","type":"post","link":"https:\/\/library.appyard.uk\/en\/spotkanie-poswiecone-zbigniewowi-siemaszce\/","title":{"rendered":"Spotkanie po\u015bwi\u0119cone Zbigniewowi Siemaszce"},"content":{"rendered":"<p>Biblioteka Polska POSK zaprasza na spotkanie, po\u015bwi\u0119cone Zbigniewowi Siemaszce, kt\u00f3ry zmar\u0142 2 lutego 2021. W programie\u00a0 odtworzenie rozmowy ze Zbigniewem Siemaszk\u0105, nagranej przez dziennikarza wile\u0144skiego radia &#8211; LRT Klasika, Tadeusza Tomaszewskiego w 2019 roku oraz refleksje nad jego tw\u00f3rczo\u015bci\u0105, w wykonaniu dr hab. Andrzeja Suchcitza.<\/p>\n<p>Sala Malinowa POSK, 23 listopada 2021, godz. 18.30.<\/p>","protected":false},"excerpt":{"rendered":"<p>Biblioteka Polska POSK zaprasza na spotkanie, po\u015bwi\u0119cone Zbigniewowi Siemaszce, kt\u00f3ry zmar\u0142 2 lutego 2021. W programie\u00a0 odtworzenie rozmowy ze Zbigniewem Siemaszk\u0105, nagranej przez dziennikarza wile\u0144skiego radia &#8211; LRT Klasika, Tadeusza Tomaszewskiego w 2019 roku oraz refleksje nad jego tw\u00f3rczo\u015bci\u0105, w wykonaniu dr hab. Andrzeja Suchcitza. Sala Malinowa POSK, 23 listopada 2021, godz. 18.30.<\/p>","protected":false},"author":0,"featured_media":10776,"comment_status":"closed","ping_status":"open","sticky":false,"template":"","format":"standard","meta":{"_breakdance_hide_in_design_set":false,"_breakdance_tags":"","footnotes":""},"categories":[82],"tags":[],"class_list":["post-13138","post","type-post","status-publish","format-standard","has-post-thumbnail","hentry","category-spotkania"],"meta_box":{"event_date":"","event_location":"","event_gallery":[],"external_link":""},"_links":{"self":[{"href":"https:\/\/library.appyard.uk\/en\/wp-json\/wp\/v2\/posts\/13138","targetHints":{"allow":["GET"]}}],"collection":[{"href":"https:\/\/library.appyard.uk\/en\/wp-json\/wp\/v2\/posts"}],"about":[{"href":"https:\/\/library.appyard.uk\/en\/wp-json\/wp\/v2\/types\/post"}],"replies":[{"embeddable":true,"href":"https:\/\/library.appyard.uk\/en\/wp-json\/wp\/v2\/comments?post=13138"}],"version-history":[{"count":1,"href":"https:\/\/library.appyard.uk\/en\/wp-json\/wp\/v2\/posts\/13138\/revisions"}],"predecessor-version":[{"id":13519,"href":"https:\/\/library.appyard.uk\/en\/wp-json\/wp\/v2\/posts\/13138\/revisions\/13519"}],"wp:featuredmedia":[{"embeddable":true,"href":"https:\/\/library.appyard.uk\/en\/wp-json\/wp\/v2\/media\/10776"}],"wp:attachment":[{"href":"https:\/\/library.appyard.uk\/en\/wp-json\/wp\/v2\/media?parent=13138"}],"wp:term":[{"taxonomy":"category","embeddable":true,"href":"https:\/\/library.appyard.uk\/en\/wp-json\/wp\/v2\/categories?post=13138"},{"taxonomy":"post_tag","embeddable":true,"href":"https:\/\/library.appyard.uk\/en\/wp-json\/wp\/v2\/tags?post=13138"}],"curies":[{"name":"wp","href":"https:\/\/api.w.org\/{rel}","templated":true}]}}