{"id":13127,"date":"2020-03-09T15:58:53","date_gmt":"2020-03-09T15:58:53","guid":{"rendered":"https:\/\/library.appyard.uk\/80-rocznica-zbrodni-katynskiej\/"},"modified":"2026-08-30T21:21:09","modified_gmt":"2026-08-30T21:21:09","slug":"80-rocznica-zbrodni-katynskiej","status":"publish","type":"post","link":"https:\/\/library.appyard.uk\/en\/80-rocznica-zbrodni-katynskiej\/","title":{"rendered":"80. rocznica zbrodni katy\u0144skiej"},"content":{"rendered":"<p>Informujemy, i\u017c z powodu koronawirusa i zakaz\u00f3w, wprowadzonych w Polsce, nasi go\u015bcie z Instytutu Pami\u0119ci Narodowej, nie mog\u0105 do nas przyjecha\u0107. Zostali\u015bmy wi\u0119c zmuszeni do odwo\u0142ania spotkania, organizowanego z okazji 80 rocznicy zbrodni katy\u0144skiej.<\/p>\n<p>&nbsp;<\/p>\n<p>W ramach obchod\u00f3w 80. rocznicy zbrodni katy\u0144skiej zapraszamy na spotkanie z historykiem, dr. hab., pracownikiem Biura Bada\u0144 Historycznych IPN &#8211; S\u0142awomirem Kalbarczykiem: &#8222;Zbrodnia katy\u0144ska. Czego jeszcze nie wiemy?&#8221;.<br \/>\nKolejnym prelegentem b\u0119dzie dr Witold Wasilewski &#8211; historyk, pracownik Archiwum IPN, kt\u00f3ry b\u0119dzie m\u00f3wi\u0142 o Komisji Maddena i jej roli w dziejach sprawy katy\u0144skiej.<br \/>\nZapraszamy w sobot\u0119, 28 marca 2020, godz. 17.00, do Sali Malinowej POSK.<\/p>","protected":false},"excerpt":{"rendered":"<p>Informujemy, i\u017c z powodu koronawirusa i zakaz\u00f3w, wprowadzonych w Polsce, nasi go\u015bcie z Instytutu Pami\u0119ci Narodowej, nie mog\u0105 do nas przyjecha\u0107. Zostali\u015bmy wi\u0119c zmuszeni do odwo\u0142ania spotkania, organizowanego z okazji 80 rocznicy zbrodni katy\u0144skiej. &nbsp; W ramach obchod\u00f3w 80. rocznicy zbrodni katy\u0144skiej zapraszamy na spotkanie z historykiem, dr. hab., pracownikiem Biura Bada\u0144 Historycznych IPN &#8211; [&hellip;]<\/p>\n","protected":false},"author":0,"featured_media":12043,"comment_status":"closed","ping_status":"open","sticky":false,"template":"","format":"standard","meta":{"_breakdance_hide_in_design_set":false,"_breakdance_tags":"","footnotes":""},"categories":[82,80],"tags":[97,312,313],"class_list":["post-13127","post","type-post","status-publish","format-standard","has-post-thumbnail","hentry","category-spotkania","category-wydarzenia","tag-dobroslawa-platt","tag-slawomir-kalbarczyk","tag-witold-wasilewski"],"meta_box":{"event_date":"","event_location":"","event_gallery":[],"external_link":""},"_links":{"self":[{"href":"https:\/\/library.appyard.uk\/en\/wp-json\/wp\/v2\/posts\/13127","targetHints":{"allow":["GET"]}}],"collection":[{"href":"https:\/\/library.appyard.uk\/en\/wp-json\/wp\/v2\/posts"}],"about":[{"href":"https:\/\/library.appyard.uk\/en\/wp-json\/wp\/v2\/types\/post"}],"replies":[{"embeddable":true,"href":"https:\/\/library.appyard.uk\/en\/wp-json\/wp\/v2\/comments?post=13127"}],"version-history":[{"count":1,"href":"https:\/\/library.appyard.uk\/en\/wp-json\/wp\/v2\/posts\/13127\/revisions"}],"predecessor-version":[{"id":13508,"href":"https:\/\/library.appyard.uk\/en\/wp-json\/wp\/v2\/posts\/13127\/revisions\/13508"}],"wp:featuredmedia":[{"embeddable":true,"href":"https:\/\/library.appyard.uk\/en\/wp-json\/wp\/v2\/media\/12043"}],"wp:attachment":[{"href":"https:\/\/library.appyard.uk\/en\/wp-json\/wp\/v2\/media?parent=13127"}],"wp:term":[{"taxonomy":"category","embeddable":true,"href":"https:\/\/library.appyard.uk\/en\/wp-json\/wp\/v2\/categories?post=13127"},{"taxonomy":"post_tag","embeddable":true,"href":"https:\/\/library.appyard.uk\/en\/wp-json\/wp\/v2\/tags?post=13127"}],"curies":[{"name":"wp","href":"https:\/\/api.w.org\/{rel}","templated":true}]}}