{"id":13125,"date":"2020-02-03T10:40:35","date_gmt":"2020-02-03T10:40:35","guid":{"rendered":"https:\/\/library.appyard.uk\/projekcja-filmu-bohaterowie-ze-steinu-oraz-spotkanie-piotrem-szalsza-rezyserem-autorem-scenariusza\/"},"modified":"2026-08-30T21:21:09","modified_gmt":"2026-08-30T21:21:09","slug":"projekcja-filmu-bohaterowie-ze-steinu-oraz-spotkanie-piotrem-szalsza-rezyserem-autorem-scenariusza","status":"publish","type":"post","link":"https:\/\/library.appyard.uk\/en\/projekcja-filmu-bohaterowie-ze-steinu-oraz-spotkanie-piotrem-szalsza-rezyserem-autorem-scenariusza\/","title":{"rendered":"Projekcja filmu &#8222;Bohaterowie ze Steinu&#8221; oraz spotkanie z Piotrem Szalsz\u0105, re\u017cyserem i autorem scenariusza."},"content":{"rendered":"<p>Biblioteka Polska POSK oraz Stowarzyszenie Wiede\u0144sko-Krakowskie w Wiedniu zapraszaj\u0105 na projekcj\u0119 filmu <strong><em>&#8222;Bohaterowie ze Steinu&#8221;<\/em><\/strong> oraz spotkanie z Piotrem Szalsz\u0105, re\u017cyserem i autorem scenariusza.<br \/>\n&#8222;Bohaterowie ze Steinu&#8221; to dokument opisuj\u0105cy dzia\u0142alno\u015b\u0107 cz\u0142onk\u00f3w siatki szpiegowskiej o nazwie Stragan, kt\u00f3ra w latach II wojny \u015bwiatowej dzia\u0142\u0105\u0142a na terenie Wiednia. W sk\u0142ad STRAGANU wchodzili cz\u0142onkowie Arii Krajowej, pochodz\u0105cy g\u0142ownie z Zaolzia. Po projekcji zapraszamy na spotkanie z re\u017cyserm i autorem scenariusza Piotrem Szalsz\u0105, mieszkaj\u0105cym obecnie w Wiedniu.<br \/>\nSpotkanie odb\u0119dzie si\u0119 20 lutego 2020 w Sali Malinowej POSK o godz. 18.30.<\/p>","protected":false},"excerpt":{"rendered":"<p>Biblioteka Polska POSK oraz Stowarzyszenie Wiede\u0144sko-Krakowskie w Wiedniu zapraszaj\u0105 na projekcj\u0119 filmu &#8222;Bohaterowie ze Steinu&#8221; oraz spotkanie z Piotrem Szalsz\u0105, re\u017cyserem i autorem scenariusza. &#8222;Bohaterowie ze Steinu&#8221; to dokument opisuj\u0105cy dzia\u0142alno\u015b\u0107 cz\u0142onk\u00f3w siatki szpiegowskiej o nazwie Stragan, kt\u00f3ra w latach II wojny \u015bwiatowej dzia\u0142\u0105\u0142a na terenie Wiednia. W sk\u0142ad STRAGANU wchodzili cz\u0142onkowie Arii Krajowej, pochodz\u0105cy [&hellip;]<\/p>\n","protected":false},"author":0,"featured_media":12003,"comment_status":"closed","ping_status":"open","sticky":false,"template":"","format":"standard","meta":{"_breakdance_hide_in_design_set":false,"_breakdance_tags":"","footnotes":""},"categories":[93,82,80],"tags":[],"class_list":["post-13125","post","type-post","status-publish","format-standard","has-post-thumbnail","hentry","category-filmy","category-spotkania","category-wydarzenia"],"meta_box":{"event_date":"","event_location":"","event_gallery":[],"external_link":""},"_links":{"self":[{"href":"https:\/\/library.appyard.uk\/en\/wp-json\/wp\/v2\/posts\/13125","targetHints":{"allow":["GET"]}}],"collection":[{"href":"https:\/\/library.appyard.uk\/en\/wp-json\/wp\/v2\/posts"}],"about":[{"href":"https:\/\/library.appyard.uk\/en\/wp-json\/wp\/v2\/types\/post"}],"replies":[{"embeddable":true,"href":"https:\/\/library.appyard.uk\/en\/wp-json\/wp\/v2\/comments?post=13125"}],"version-history":[{"count":1,"href":"https:\/\/library.appyard.uk\/en\/wp-json\/wp\/v2\/posts\/13125\/revisions"}],"predecessor-version":[{"id":13506,"href":"https:\/\/library.appyard.uk\/en\/wp-json\/wp\/v2\/posts\/13125\/revisions\/13506"}],"wp:featuredmedia":[{"embeddable":true,"href":"https:\/\/library.appyard.uk\/en\/wp-json\/wp\/v2\/media\/12003"}],"wp:attachment":[{"href":"https:\/\/library.appyard.uk\/en\/wp-json\/wp\/v2\/media?parent=13125"}],"wp:term":[{"taxonomy":"category","embeddable":true,"href":"https:\/\/library.appyard.uk\/en\/wp-json\/wp\/v2\/categories?post=13125"},{"taxonomy":"post_tag","embeddable":true,"href":"https:\/\/library.appyard.uk\/en\/wp-json\/wp\/v2\/tags?post=13125"}],"curies":[{"name":"wp","href":"https:\/\/api.w.org\/{rel}","templated":true}]}}