{"id":13123,"date":"2020-01-08T12:55:29","date_gmt":"2020-01-08T12:55:29","guid":{"rendered":"https:\/\/library.appyard.uk\/inauguracja-obchodow-stulecia-wydarzen-1920-roku\/"},"modified":"2026-08-30T21:21:09","modified_gmt":"2026-08-30T21:21:09","slug":"inauguracja-obchodow-stulecia-wydarzen-1920-roku","status":"publish","type":"post","link":"https:\/\/library.appyard.uk\/en\/inauguracja-obchodow-stulecia-wydarzen-1920-roku\/","title":{"rendered":"Inauguracja obchod\u00f3w stulecia wydarze\u0144 1920 roku"},"content":{"rendered":"<p>Biblioteka Polska POSK oraz Ambasada RP w Londynie zapraszaj\u0105 na inauguracj\u0119 obchod\u00f3w stulecia wydarze\u0144 1920 roku. W programie: godz. 17.00 Hol POSKu &#8211; ods\u0142oni\u0119cie wystawy: <strong>1920 &#8211; Polska walczy z bolszewikami<\/strong> ; godz. 17.30 Teatr POSKu &#8211; projekcja filmu dokumentalnego: <em><strong>Niepodleg\u0142o\u015b\u0107<\/strong><\/em> w re\u017cyserii Krzysztofa Talczewskiego. Po projekcji zapraszamy na spotkanie z <strong>Miros\u0142awem Borkiem<\/strong> &#8211; wsp\u00f3\u0142scenarzyst\u0105 i producentem filmu.<\/p>\n<p>Poni\u017cej link do trailera filmu Niepodleg\u0142o\u015b\u0107:<br \/>\n<a href=\"http:\/\/bomedia.pl\/pliki\/Niepo_Promo_x3.mp4?fbclid=IwAR1D3Z9zAMCRao5kpgGQAbEalxPa96-JrMrwG0m6vXMXH-KJUP0T5c17PJE\" target=\"_blank\" rel=\"nofollow noopener\" data-lynx-mode=\"hover\" data-lynx-uri=\"https:\/\/l.facebook.com\/l.php?u=http%3A%2F%2Fbomedia.pl%2Fpliki%2FNiepo_Promo_x3.mp4%3Ffbclid%3DIwAR1D3Z9zAMCRao5kpgGQAbEalxPa96-JrMrwG0m6vXMXH-KJUP0T5c17PJE&amp;h=AT29rVvYC1Jemp9773auvxjbjstSMIyxEHRSy3ZFHrPRk5Odh9TszGS1lK71i0WJUpK626v158mfWVdFQNrecVHWA2MUCBUhuGD1kIjpiWE3UFhyM4-2YhKxg47zj5CTZFE\">http:\/\/bomedia.pl\/pliki\/Niepo_Promo_x3.mp4<\/a><\/p>","protected":false},"excerpt":{"rendered":"<p>Biblioteka Polska POSK oraz Ambasada RP w Londynie zapraszaj\u0105 na inauguracj\u0119 obchod\u00f3w stulecia wydarze\u0144 1920 roku. W programie: godz. 17.00 Hol POSKu &#8211; ods\u0142oni\u0119cie wystawy: 1920 &#8211; Polska walczy z bolszewikami ; godz. 17.30 Teatr POSKu &#8211; projekcja filmu dokumentalnego: Niepodleg\u0142o\u015b\u0107 w re\u017cyserii Krzysztofa Talczewskiego. Po projekcji zapraszamy na spotkanie z Miros\u0142awem Borkiem &#8211; wsp\u00f3\u0142scenarzyst\u0105 [&hellip;]<\/p>\n","protected":false},"author":0,"featured_media":12178,"comment_status":"closed","ping_status":"open","sticky":false,"template":"","format":"standard","meta":{"_breakdance_hide_in_design_set":false,"_breakdance_tags":"","footnotes":""},"categories":[93,86],"tags":[],"class_list":["post-13123","post","type-post","status-publish","format-standard","has-post-thumbnail","hentry","category-filmy","category-wystawy"],"meta_box":{"event_date":"","event_location":"","event_gallery":[],"external_link":""},"_links":{"self":[{"href":"https:\/\/library.appyard.uk\/en\/wp-json\/wp\/v2\/posts\/13123","targetHints":{"allow":["GET"]}}],"collection":[{"href":"https:\/\/library.appyard.uk\/en\/wp-json\/wp\/v2\/posts"}],"about":[{"href":"https:\/\/library.appyard.uk\/en\/wp-json\/wp\/v2\/types\/post"}],"replies":[{"embeddable":true,"href":"https:\/\/library.appyard.uk\/en\/wp-json\/wp\/v2\/comments?post=13123"}],"version-history":[{"count":1,"href":"https:\/\/library.appyard.uk\/en\/wp-json\/wp\/v2\/posts\/13123\/revisions"}],"predecessor-version":[{"id":13504,"href":"https:\/\/library.appyard.uk\/en\/wp-json\/wp\/v2\/posts\/13123\/revisions\/13504"}],"wp:featuredmedia":[{"embeddable":true,"href":"https:\/\/library.appyard.uk\/en\/wp-json\/wp\/v2\/media\/12178"}],"wp:attachment":[{"href":"https:\/\/library.appyard.uk\/en\/wp-json\/wp\/v2\/media?parent=13123"}],"wp:term":[{"taxonomy":"category","embeddable":true,"href":"https:\/\/library.appyard.uk\/en\/wp-json\/wp\/v2\/categories?post=13123"},{"taxonomy":"post_tag","embeddable":true,"href":"https:\/\/library.appyard.uk\/en\/wp-json\/wp\/v2\/tags?post=13123"}],"curies":[{"name":"wp","href":"https:\/\/api.w.org\/{rel}","templated":true}]}}