{"id":13117,"date":"2019-09-28T17:00:35","date_gmt":"2019-09-28T17:00:35","guid":{"rendered":"https:\/\/library.appyard.uk\/polacy-brytyjczycy-obliczu-ii-wojny-swiatowej\/"},"modified":"2026-08-30T21:21:08","modified_gmt":"2026-08-30T21:21:08","slug":"polacy-brytyjczycy-obliczu-ii-wojny-swiatowej","status":"publish","type":"post","link":"https:\/\/library.appyard.uk\/en\/polacy-brytyjczycy-obliczu-ii-wojny-swiatowej\/","title":{"rendered":"Polacy i Brytyjczycy w obliczu II wojny \u015bwiatowej"},"content":{"rendered":"<p>W sobot\u0119, 28.09 2019 w Polskim O\u015brodku Spo\u0142eczno-Kulturalnym odby\u0142 si\u0119 drugi dzie\u0144 konferencji &#8222;Polacy i Brytyjczycy w obliczu II wojny \u015bwiatowej&#8221;. Konferencja odby\u0142a si\u0119 przy wsp\u00f3\u0142pracy Biblioteki Polskiej POSK w Londynie, Ambasady RP w Londynie, Instytutu Pami\u0119ci Narodowej oraz Studium Polski Podziemnej w Londynie.<br \/>\nZapraszamy do obejrzenia fotorelacji.<br \/>\nFot. Justyna W\u0119glarz<\/p>","protected":false},"excerpt":{"rendered":"<p>W sobot\u0119, 28.09 2019 w Polskim O\u015brodku Spo\u0142eczno-Kulturalnym odby\u0142 si\u0119 drugi dzie\u0144 konferencji &#8222;Polacy i Brytyjczycy w obliczu II wojny \u015bwiatowej&#8221;. Konferencja odby\u0142a si\u0119 przy wsp\u00f3\u0142pracy Biblioteki Polskiej POSK w Londynie, Ambasady RP w Londynie, Instytutu Pami\u0119ci Narodowej oraz Studium Polski Podziemnej w Londynie. Zapraszamy do obejrzenia fotorelacji. Fot. Justyna W\u0119glarz<\/p>","protected":false},"author":0,"featured_media":0,"comment_status":"closed","ping_status":"open","sticky":false,"template":"","format":"standard","meta":{"_breakdance_hide_in_design_set":false,"_breakdance_tags":"","footnotes":""},"categories":[],"tags":[],"class_list":["post-13117","post","type-post","status-publish","format-standard","hentry"],"meta_box":{"event_date":"","event_location":"","event_gallery":[],"external_link":""},"_links":{"self":[{"href":"https:\/\/library.appyard.uk\/en\/wp-json\/wp\/v2\/posts\/13117","targetHints":{"allow":["GET"]}}],"collection":[{"href":"https:\/\/library.appyard.uk\/en\/wp-json\/wp\/v2\/posts"}],"about":[{"href":"https:\/\/library.appyard.uk\/en\/wp-json\/wp\/v2\/types\/post"}],"replies":[{"embeddable":true,"href":"https:\/\/library.appyard.uk\/en\/wp-json\/wp\/v2\/comments?post=13117"}],"version-history":[{"count":1,"href":"https:\/\/library.appyard.uk\/en\/wp-json\/wp\/v2\/posts\/13117\/revisions"}],"predecessor-version":[{"id":13498,"href":"https:\/\/library.appyard.uk\/en\/wp-json\/wp\/v2\/posts\/13117\/revisions\/13498"}],"wp:attachment":[{"href":"https:\/\/library.appyard.uk\/en\/wp-json\/wp\/v2\/media?parent=13117"}],"wp:term":[{"taxonomy":"category","embeddable":true,"href":"https:\/\/library.appyard.uk\/en\/wp-json\/wp\/v2\/categories?post=13117"},{"taxonomy":"post_tag","embeddable":true,"href":"https:\/\/library.appyard.uk\/en\/wp-json\/wp\/v2\/tags?post=13117"}],"curies":[{"name":"wp","href":"https:\/\/api.w.org\/{rel}","templated":true}]}}