{"id":13116,"date":"2019-09-07T10:00:09","date_gmt":"2019-09-07T10:00:09","guid":{"rendered":"https:\/\/library.appyard.uk\/polacy-brytyjczycy-obliczu-wybuchu-ii-wojny-swiatowej\/"},"modified":"2026-08-30T21:21:08","modified_gmt":"2026-08-30T21:21:08","slug":"polacy-brytyjczycy-obliczu-wybuchu-ii-wojny-swiatowej","status":"publish","type":"post","link":"https:\/\/library.appyard.uk\/en\/polacy-brytyjczycy-obliczu-wybuchu-ii-wojny-swiatowej\/","title":{"rendered":"Polacy i Brytyjczycy w obliczu wybuchu II wojny \u015bwiatowej."},"content":{"rendered":"<p>Zapraszamy na dwudniow\u0105 konferencj\u0119 naukow\u0105 organizowan\u0105 przez Bibliotek\u0119 Polsk\u0105 POSK w Londynie, Ambasad\u0119 RP w Londynie, Instytut Pami\u0119ci Narodowej oraz Studium Polski Podziemnej w Londynie pt. <em><strong>Polacy i Brytyjczycy w obliczu wybuchu II wojny \u015bwiatowej<\/strong><\/em>.<\/p>\n<p>Prosimy zwr\u00f3ci\u0107 uwag\u0119 na miejsca wydarzenia!<\/p>\n<div class=\"text_exposed_show\">\n<p>1. dzie\u0144 &#8211; 27 wrze\u015bnia &#8211; Ambasada Rzeczypospolitej Polskiej, 47 Portland Road, London W1B 1JH<\/p>\n<p>2. dzie\u0144 &#8211; 28 wrze\u015bnia &#8211; Polski O\u015brodek Spo\u0142eczno-Kulturalny &#8211; 238-246 King Street, London W6 0RF<\/p>\n<p>Prosimy o zapisywanie si\u0119 na jeden lub oba dni wydarzenia. R.S.V.P. do 20 wrze\u015bnia 2019.<\/p>\n<p><a href=\"https:\/\/l.facebook.com\/l.php?u=https%3A%2F%2Fbit.ly%2Fkonf_pol_bryt%3Ffbclid%3DIwAR1W1u8SuDGm-mo_VecHbEexMbVP_MXu0W-6XGmZJHtisztYyFPxEfNBs4k&amp;h=AT2W2GRI3Xwv_DViA5koQiVN5hJU5Jik25wkkGWyL4y8rcxSVPEiR4ED6dWyRCWpVq6k9CEWXjEbL4X1saeYAvmBl6L0Rrxc49IxeOGTgW3qWgINWO2B_YBoPmMd3HgKOOjKEX8vD5ggAESewJYspUGsxEYouRUKFOSUMIThCfr9OsBgIbUYklSvu_LSFp00MkfbkMWPC83hwapDsDP0YsWMDU0u8uNZsTtEEqUPfUbp3FI8I0t37YGAMEvuZtRD3cB8d589LVlBB236qoGOATxu_G64JoTAOGPLkxLQSqYY4EwfbktKUzJHKHqoL66AD7Dv0Vf0PsLt6I-fYD2e0YV2gR1W-qH0CqDSZpUlCmOwMUwFsbJkFI8S7-QZ7coy0mKaZWURZ_K4evsUMckl2nQkh69t2WRvgbu2Y4bNcKMdPmjQQj0RiAzsaD_ZjS4n7GErkzIrvOdJAXw21S-ZvyJHhBkKtdicacsR31ovyHfBPFr8gceM24EnISS-t2PL7wm1IIzvLUmmqIv0TZFkdtIyTfnbzSI1Pixbn-RJpXdiszf4O5lV7eMkWqmoNwRaZSDTOrPGhS3sngPJ84GHArCGvfdLoJmhZShJ9QzuedAXldXVHmytMPkke2NC1c06ia-lqIs\" target=\"_blank\" rel=\"noopener nofollow\" data-ft=\"{&quot;tn&quot;:&quot;-U&quot;}\" data-lynx-mode=\"async\">http:\/\/bit.ly\/konf_pol_bryt<\/a><\/p>\n<\/div>","protected":false},"excerpt":{"rendered":"<p>Zapraszamy na dwudniow\u0105 konferencj\u0119 naukow\u0105 organizowan\u0105 przez Bibliotek\u0119 Polsk\u0105 POSK w Londynie, Ambasad\u0119 RP w Londynie, Instytut Pami\u0119ci Narodowej oraz Studium Polski Podziemnej w Londynie pt. Polacy i Brytyjczycy w obliczu wybuchu II wojny \u015bwiatowej. Prosimy zwr\u00f3ci\u0107 uwag\u0119 na miejsca wydarzenia! 1. dzie\u0144 &#8211; 27 wrze\u015bnia &#8211; Ambasada Rzeczypospolitej Polskiej, 47 Portland Road, London W1B [&hellip;]<\/p>\n","protected":false},"author":0,"featured_media":11622,"comment_status":"closed","ping_status":"open","sticky":false,"template":"","format":"standard","meta":{"_breakdance_hide_in_design_set":false,"_breakdance_tags":"","footnotes":""},"categories":[83],"tags":[97],"class_list":["post-13116","post","type-post","status-publish","format-standard","has-post-thumbnail","hentry","category-konferencje","tag-dobroslawa-platt"],"meta_box":{"event_date":"","event_location":"","event_gallery":[],"external_link":""},"_links":{"self":[{"href":"https:\/\/library.appyard.uk\/en\/wp-json\/wp\/v2\/posts\/13116","targetHints":{"allow":["GET"]}}],"collection":[{"href":"https:\/\/library.appyard.uk\/en\/wp-json\/wp\/v2\/posts"}],"about":[{"href":"https:\/\/library.appyard.uk\/en\/wp-json\/wp\/v2\/types\/post"}],"replies":[{"embeddable":true,"href":"https:\/\/library.appyard.uk\/en\/wp-json\/wp\/v2\/comments?post=13116"}],"version-history":[{"count":1,"href":"https:\/\/library.appyard.uk\/en\/wp-json\/wp\/v2\/posts\/13116\/revisions"}],"predecessor-version":[{"id":13497,"href":"https:\/\/library.appyard.uk\/en\/wp-json\/wp\/v2\/posts\/13116\/revisions\/13497"}],"wp:featuredmedia":[{"embeddable":true,"href":"https:\/\/library.appyard.uk\/en\/wp-json\/wp\/v2\/media\/11622"}],"wp:attachment":[{"href":"https:\/\/library.appyard.uk\/en\/wp-json\/wp\/v2\/media?parent=13116"}],"wp:term":[{"taxonomy":"category","embeddable":true,"href":"https:\/\/library.appyard.uk\/en\/wp-json\/wp\/v2\/categories?post=13116"},{"taxonomy":"post_tag","embeddable":true,"href":"https:\/\/library.appyard.uk\/en\/wp-json\/wp\/v2\/tags?post=13116"}],"curies":[{"name":"wp","href":"https:\/\/api.w.org\/{rel}","templated":true}]}}