{"id":13115,"date":"2019-08-06T11:17:45","date_gmt":"2019-08-06T11:17:45","guid":{"rendered":"https:\/\/library.appyard.uk\/otwarcie-wystawy-pt-poland-first-fight-wyklad-prof-jacka-sawickiego-pt-oblezenie-warszawy-obiektywie-juliena-bryana\/"},"modified":"2026-08-30T21:21:08","modified_gmt":"2026-08-30T21:21:08","slug":"otwarcie-wystawy-pt-poland-first-fight-wyklad-prof-jacka-sawickiego-pt-oblezenie-warszawy-obiektywie-juliena-bryana","status":"publish","type":"post","link":"https:\/\/library.appyard.uk\/en\/otwarcie-wystawy-pt-poland-first-fight-wyklad-prof-jacka-sawickiego-pt-oblezenie-warszawy-obiektywie-juliena-bryana\/","title":{"rendered":"Otwarcie wystawy pt. Poland First to Fight \/ wyk\u0142ad prof. Jacka Sawickiego pt. Obl\u0119\u017cenie Warszawy w obiektywie Juliena Bryana"},"content":{"rendered":"<p><strong>Biblioteka Polska POSK<\/strong> serdecznie zaprasza na otwarcie wystawy pt. <em>Poland First to Fight<\/em>.<br \/>\n<strong>1 wrze\u015bnia 2019<\/strong>, Galeria POSK, godz. 17.00.<br \/>\nO godz. 17.30 zapraszamy do Teatru POSK-u na wyk\u0142ad <strong>prof. Jacka Sawickiego<\/strong> pt. <em>Obl\u0119\u017cenie Warszawy w obiektywie Juliena Bryana<\/em> oraz na projekcj\u0119 filmu Juliena Bryana pt. <em>Siege\/Obl\u0119\u017cenie<\/em>.<br \/>\nSERDECZNIE ZAPRASZAMY!<\/p>","protected":false},"excerpt":{"rendered":"<p>Biblioteka Polska POSK serdecznie zaprasza na otwarcie wystawy pt. Poland First to Fight. 1 wrze\u015bnia 2019, Galeria POSK, godz. 17.00. O godz. 17.30 zapraszamy do Teatru POSK-u na wyk\u0142ad prof. Jacka Sawickiego pt. Obl\u0119\u017cenie Warszawy w obiektywie Juliena Bryana oraz na projekcj\u0119 filmu Juliena Bryana pt. Siege\/Obl\u0119\u017cenie. SERDECZNIE ZAPRASZAMY!<\/p>","protected":false},"author":0,"featured_media":11635,"comment_status":"closed","ping_status":"open","sticky":false,"template":"","format":"standard","meta":{"_breakdance_hide_in_design_set":false,"_breakdance_tags":"","footnotes":""},"categories":[82,80,87,86],"tags":[97,308],"class_list":["post-13115","post","type-post","status-publish","format-standard","has-post-thumbnail","hentry","category-spotkania","category-wydarzenia","category-wyklady","category-wystawy","tag-dobroslawa-platt","tag-jacek-sawicki"],"meta_box":{"event_date":"","event_location":"","event_gallery":[],"external_link":""},"_links":{"self":[{"href":"https:\/\/library.appyard.uk\/en\/wp-json\/wp\/v2\/posts\/13115","targetHints":{"allow":["GET"]}}],"collection":[{"href":"https:\/\/library.appyard.uk\/en\/wp-json\/wp\/v2\/posts"}],"about":[{"href":"https:\/\/library.appyard.uk\/en\/wp-json\/wp\/v2\/types\/post"}],"replies":[{"embeddable":true,"href":"https:\/\/library.appyard.uk\/en\/wp-json\/wp\/v2\/comments?post=13115"}],"version-history":[{"count":1,"href":"https:\/\/library.appyard.uk\/en\/wp-json\/wp\/v2\/posts\/13115\/revisions"}],"predecessor-version":[{"id":13496,"href":"https:\/\/library.appyard.uk\/en\/wp-json\/wp\/v2\/posts\/13115\/revisions\/13496"}],"wp:featuredmedia":[{"embeddable":true,"href":"https:\/\/library.appyard.uk\/en\/wp-json\/wp\/v2\/media\/11635"}],"wp:attachment":[{"href":"https:\/\/library.appyard.uk\/en\/wp-json\/wp\/v2\/media?parent=13115"}],"wp:term":[{"taxonomy":"category","embeddable":true,"href":"https:\/\/library.appyard.uk\/en\/wp-json\/wp\/v2\/categories?post=13115"},{"taxonomy":"post_tag","embeddable":true,"href":"https:\/\/library.appyard.uk\/en\/wp-json\/wp\/v2\/tags?post=13115"}],"curies":[{"name":"wp","href":"https:\/\/api.w.org\/{rel}","templated":true}]}}