{"id":13114,"date":"2019-07-10T18:24:45","date_gmt":"2019-07-10T18:24:45","guid":{"rendered":"https:\/\/library.appyard.uk\/wrzesien-bibliotece-polskiej-posk\/"},"modified":"2026-08-30T21:21:08","modified_gmt":"2026-08-30T21:21:08","slug":"wrzesien-bibliotece-polskiej-posk","status":"publish","type":"post","link":"https:\/\/library.appyard.uk\/en\/wrzesien-bibliotece-polskiej-posk\/","title":{"rendered":"Wrzesie\u0144 w Bibliotece Polskiej POSK"},"content":{"rendered":"<p>Zapraszamy Pa\u0144stwa na kolejne wydarzenia w Bibliotece Polskiej POSK ju\u017c we wrze\u015bniu.<br \/>\n<strong>1.09<\/strong>, godz. 17.00 Otwarcie wystawy z okazji 80 rocznicy wybuchu II wojny \u015bwiatowej;<br \/>\n<strong>26.09<\/strong>, godz. 18.30 Spotkanie z dr. Jackiem Bartosiakiem;<br \/>\n<strong>28.09<\/strong>, godz. 10:00-17:00 Konferencja naukowa: Polacy i Brytyjczycy w obliczu wybuchu II wojny \u015bwiatowej.<\/p>\n<div class=\"text_exposed_show\">\n<p><strong>SERDECZNIE ZAPRASZAMY!<\/strong><br \/>\nSzczeg\u00f3\u0142owe informacje o poszczeg\u00f3lnych wydarzeniach ju\u017c w sierpniu.<\/p>\n<\/div>","protected":false},"excerpt":{"rendered":"<p>Zapraszamy Pa\u0144stwa na kolejne wydarzenia w Bibliotece Polskiej POSK ju\u017c we wrze\u015bniu. 1.09, godz. 17.00 Otwarcie wystawy z okazji 80 rocznicy wybuchu II wojny \u015bwiatowej; 26.09, godz. 18.30 Spotkanie z dr. Jackiem Bartosiakiem; 28.09, godz. 10:00-17:00 Konferencja naukowa: Polacy i Brytyjczycy w obliczu wybuchu II wojny \u015bwiatowej. SERDECZNIE ZAPRASZAMY! Szczeg\u00f3\u0142owe informacje o poszczeg\u00f3lnych wydarzeniach ju\u017c [&hellip;]<\/p>\n","protected":false},"author":0,"featured_media":11609,"comment_status":"closed","ping_status":"open","sticky":false,"template":"","format":"standard","meta":{"_breakdance_hide_in_design_set":false,"_breakdance_tags":"","footnotes":""},"categories":[82,80,86],"tags":[97,307],"class_list":["post-13114","post","type-post","status-publish","format-standard","has-post-thumbnail","hentry","category-spotkania","category-wydarzenia","category-wystawy","tag-dobroslawa-platt","tag-jacek-bartosiak"],"meta_box":{"event_date":"","event_location":"","event_gallery":[],"external_link":""},"_links":{"self":[{"href":"https:\/\/library.appyard.uk\/en\/wp-json\/wp\/v2\/posts\/13114","targetHints":{"allow":["GET"]}}],"collection":[{"href":"https:\/\/library.appyard.uk\/en\/wp-json\/wp\/v2\/posts"}],"about":[{"href":"https:\/\/library.appyard.uk\/en\/wp-json\/wp\/v2\/types\/post"}],"replies":[{"embeddable":true,"href":"https:\/\/library.appyard.uk\/en\/wp-json\/wp\/v2\/comments?post=13114"}],"version-history":[{"count":1,"href":"https:\/\/library.appyard.uk\/en\/wp-json\/wp\/v2\/posts\/13114\/revisions"}],"predecessor-version":[{"id":13495,"href":"https:\/\/library.appyard.uk\/en\/wp-json\/wp\/v2\/posts\/13114\/revisions\/13495"}],"wp:featuredmedia":[{"embeddable":true,"href":"https:\/\/library.appyard.uk\/en\/wp-json\/wp\/v2\/media\/11609"}],"wp:attachment":[{"href":"https:\/\/library.appyard.uk\/en\/wp-json\/wp\/v2\/media?parent=13114"}],"wp:term":[{"taxonomy":"category","embeddable":true,"href":"https:\/\/library.appyard.uk\/en\/wp-json\/wp\/v2\/categories?post=13114"},{"taxonomy":"post_tag","embeddable":true,"href":"https:\/\/library.appyard.uk\/en\/wp-json\/wp\/v2\/tags?post=13114"}],"curies":[{"name":"wp","href":"https:\/\/api.w.org\/{rel}","templated":true}]}}