{"id":13111,"date":"2019-05-01T18:04:41","date_gmt":"2019-05-01T18:04:41","guid":{"rendered":"https:\/\/library.appyard.uk\/warsztaty-storytelling-dla-kreatywnych-oraz-stworzyc-swoj-magazyn-publikacje\/"},"modified":"2026-08-30T21:21:08","modified_gmt":"2026-08-30T21:21:08","slug":"warsztaty-storytelling-dla-kreatywnych-oraz-stworzyc-swoj-magazyn-publikacje","status":"publish","type":"post","link":"https:\/\/library.appyard.uk\/en\/warsztaty-storytelling-dla-kreatywnych-oraz-stworzyc-swoj-magazyn-publikacje\/","title":{"rendered":"Warsztaty: Storytelling dla kreatywnych oraz Jak stworzy\u0107 sw\u00f3j magazyn\/ publikacj\u0119"},"content":{"rendered":"<p><strong>Contemporary Lynx oraz Biblioteka Polska POSK zapraszaj\u0105 na<\/strong><\/p>\n<p><strong>bezp\u0142atne WARSZTATY.<\/strong><\/p>\n<p><strong>11.05.2019 (sobota),<\/strong> <strong>Biblioteka Polska POSK.<\/strong><\/p>\n<ul>\n<li><strong>Warsztaty s\u0105 bezp\u0142atne.<\/strong><\/li>\n<li><strong>O uczestnictwie zadecyduje kolejno\u015b\u0107 zg\u0142osze\u0144.<\/strong><\/li>\n<li><strong>Liczba miejsc ograniczona. Mo\u017cliwo\u015b\u0107 uczestniczenia w jednej lub dw\u00f3ch sesjach. <\/strong><\/li>\n<li><strong>Obie sesje poprowadz\u0105 w j\u0119zyku polskim Sylwia Kraso\u0144, Dobromi\u0142a B\u0142aszczyk &#8211; redaktorki naczelne Contemporary Lynx Magazine.<\/strong><\/li>\n<li><strong>Pod koniec ka\u017cdej sesji uczestnicy otrzymaj\u0105 materia\u0142y do \u0107wicze\u0144, podsumowanie warsztat\u00f3w oraz prezent od radakcji.<\/strong><\/li>\n<\/ul>\n<p><strong>+ SESJA I <\/strong><\/p>\n<p><strong>Storytelling dla kreatywnych<\/strong><\/p>\n<p><strong>Czas trwania: <\/strong>10:30 &#8211; 13:00 (\u0142\u0105cznie: 2,5h) dla\u00a0jednej grupy<\/p>\n<p><strong>Liczba uczestnik\u00f3w:<\/strong> na ka\u017cde warsztaty, max 15 os\u00f3b<\/p>\n<p><strong>Tytu\u0142: <\/strong><strong>Storytelling dla Kreatywnych<\/strong><\/p>\n<p>Interaktywne warsztaty skierowane do student\u00f3w, m\u0142odych przedsi\u0119biorc\u00f3w, dziennikarzy, kulturoznawc\u00f3w, startupowc\u00f3w, bloger\u00f3w maj\u0105ce na celu pokazanie jak opowiada\u0107 historie w kreatywny spos\u00f3b, aby zainteresowa\u0142y, by\u0142y zrozumia\u0142e i anga\u017cowa\u0142y odbiorc\u00f3w. Poruszymy praktyczne zagadnienia: jak budowa\u0107 histori\u0119, jak j\u0105 promowa\u0107 i jakich medi\u00f3w u\u017cy\u0107, aby dotrze\u0107 do szerokiego grona. Poka\u017cemy jak zidentyfikowa\u0107 swoich odbiorc\u00f3w i jak si\u0119 z nimi komunikowa\u0107. To wszystko na podstawie wieloletniego do\u015bwiadczenia prowadzenia mi\u0119dzynarodowego czasopisma o kulturze Contemporary.\u00a0Uczestnicy b\u0119d\u0105 mogli wykorzysta\u0107 zdobyt\u0105 wiedz\u0119 do opowiadania historii w\u0142asnej firmy, organizacji, projektu czy produktu.<\/p>\n<p><strong>+ SESJA II<\/strong><\/p>\n<p><strong>Jak stworzy\u0107 sw\u00f3j magazyn\/ publikacj\u0119<\/strong><\/p>\n<p><strong>Czas trwania:<\/strong> 14:00 &#8211; 17:00 (\u0142\u0105cznie: 3 godziny, w tym przerwa 15 min) dla\u00a0 jednej grupy<\/p>\n<p><strong>Liczba uczestnik\u00f3w:<\/strong> max 15 os\u00f3b<\/p>\n<p><strong>Tytu\u0142: <\/strong><strong>Jak stworzy\u0107 sw\u00f3j magazyn\/ publikacj\u0119<\/strong><\/p>\n<p>Marzysz o wydaniu swojej w\u0142asnej publikacji? Jeste\u015b mi\u0142o\u015bnikiem publikacji, fotografem, artyst\u0105, dziennikarzem? Ten interaktywny trening obejmuje praktyczne porady, jak stworzy\u0107 swoj\u0105 w\u0142asn\u0105 publikacj\u0119. Krok po kroku poka\u017cemy jak znale\u017a\u0107 swoj\u0105 nisz\u0119, jak wyznaczy\u0107 cele wydawnicze i co si\u0119 z tym \u0142\u0105czy: wyb\u00f3r tematu przewodniego, tre\u015bci oraz wizualna oprawa.<\/p>\n<p><strong>Pod koniec sesji:<\/strong><\/p>\n<ul>\n<li>B\u0119dziesz m\u00f3g\u0142 \u015bwiadomie zaplanowa\u0107 sw\u00f3j w\u0142asny magazyn\/publikacj\u0119.<\/li>\n<li>B\u0119dziesz zna\u0142a\/zna\u0142 kolejne kroki tworzenia publikacji (zar\u00f3wno merytoryczne, graficzne jak i administracyjne)<\/li>\n<li>Zobaczysz, jak wa\u017cne jest dobre planowanie i zarz\u0105dzanie prac\u0105.<\/li>\n<li>Dowiesz si\u0119, jakie s\u0105 najcz\u0119stsze b\u0142\u0119dy i jak ich unika\u0107 lub poprawia\u0107.<\/li>\n<\/ul>\n<p><strong>SERDECZNIE ZAPRASZAMY! <\/strong><\/p>","protected":false},"excerpt":{"rendered":"<p>Contemporary Lynx oraz Biblioteka Polska POSK zapraszaj\u0105 na bezp\u0142atne WARSZTATY. 11.05.2019 (sobota), Biblioteka Polska POSK. Warsztaty s\u0105 bezp\u0142atne. O uczestnictwie zadecyduje kolejno\u015b\u0107 zg\u0142osze\u0144. Liczba miejsc ograniczona. Mo\u017cliwo\u015b\u0107 uczestniczenia w jednej lub dw\u00f3ch sesjach. Obie sesje poprowadz\u0105 w j\u0119zyku polskim Sylwia Kraso\u0144, Dobromi\u0142a B\u0142aszczyk &#8211; redaktorki naczelne Contemporary Lynx Magazine. Pod koniec ka\u017cdej sesji uczestnicy otrzymaj\u0105 [&hellip;]<\/p>\n","protected":false},"author":0,"featured_media":11603,"comment_status":"closed","ping_status":"open","sticky":false,"template":"","format":"standard","meta":{"_breakdance_hide_in_design_set":false,"_breakdance_tags":"","footnotes":""},"categories":[82],"tags":[],"class_list":["post-13111","post","type-post","status-publish","format-standard","has-post-thumbnail","hentry","category-spotkania"],"meta_box":{"event_date":"","event_location":"","event_gallery":[],"external_link":""},"_links":{"self":[{"href":"https:\/\/library.appyard.uk\/en\/wp-json\/wp\/v2\/posts\/13111","targetHints":{"allow":["GET"]}}],"collection":[{"href":"https:\/\/library.appyard.uk\/en\/wp-json\/wp\/v2\/posts"}],"about":[{"href":"https:\/\/library.appyard.uk\/en\/wp-json\/wp\/v2\/types\/post"}],"replies":[{"embeddable":true,"href":"https:\/\/library.appyard.uk\/en\/wp-json\/wp\/v2\/comments?post=13111"}],"version-history":[{"count":1,"href":"https:\/\/library.appyard.uk\/en\/wp-json\/wp\/v2\/posts\/13111\/revisions"}],"predecessor-version":[{"id":13492,"href":"https:\/\/library.appyard.uk\/en\/wp-json\/wp\/v2\/posts\/13111\/revisions\/13492"}],"wp:featuredmedia":[{"embeddable":true,"href":"https:\/\/library.appyard.uk\/en\/wp-json\/wp\/v2\/media\/11603"}],"wp:attachment":[{"href":"https:\/\/library.appyard.uk\/en\/wp-json\/wp\/v2\/media?parent=13111"}],"wp:term":[{"taxonomy":"category","embeddable":true,"href":"https:\/\/library.appyard.uk\/en\/wp-json\/wp\/v2\/categories?post=13111"},{"taxonomy":"post_tag","embeddable":true,"href":"https:\/\/library.appyard.uk\/en\/wp-json\/wp\/v2\/tags?post=13111"}],"curies":[{"name":"wp","href":"https:\/\/api.w.org\/{rel}","templated":true}]}}