{"id":13106,"date":"2019-01-26T20:42:51","date_gmt":"2019-01-26T20:42:51","guid":{"rendered":"https:\/\/library.appyard.uk\/rozpoczecie-obchodow-setnej-rocznicy-wydarzen-1919-roku-2\/"},"modified":"2026-08-30T21:21:08","modified_gmt":"2026-08-30T21:21:08","slug":"rozpoczecie-obchodow-setnej-rocznicy-wydarzen-1919-roku-2","status":"publish","type":"post","link":"https:\/\/library.appyard.uk\/en\/rozpoczecie-obchodow-setnej-rocznicy-wydarzen-1919-roku-2\/","title":{"rendered":"Rozpocz\u0119cie obchod\u00f3w Setnej Rocznicy Wydarze\u0144 1919 roku."},"content":{"rendered":"<p><span class=\"_2iem\">W sobot\u0119 26.01.2019 Biblioteka Polska POSK rozpocz\u0119\u0142a obchody Setnej Rocznicy Wydarze\u0144 1919 roku. <\/span><\/p>\n<p><span class=\"_2iem\">Zapraszamy do Galerii POSK gdzie do 01.02.2019 prezentujemy wystaw\u0119: <em>Sprawa polska w Traktacie Wersalskim<\/em>, przygotowan\u0105 w j\u0119zyku polskim i angielskim. <\/span><\/p>\n<p><span class=\"_2iem\">Pokazywane s\u0105 znajduj\u0105ce si\u0119 w zbiorach Biblioteki Polskiej POSK: Traktat Wersalski wydany w Londynie w 1919 roku, drugie londy\u0144skie wydanie Traktatu z 1925 roku oraz wydanie warszawskie z 1920 roku. <\/span><\/p>\n<p><span class=\"_2iem\">\u00a0<\/span><\/p>\n<p>&nbsp;<\/p>\n<p><span class=\"_2iem\">Fot. Justyna W\u0119glarz<\/span><\/p>","protected":false},"excerpt":{"rendered":"<p>W sobot\u0119 26.01.2019 Biblioteka Polska POSK rozpocz\u0119\u0142a obchody Setnej Rocznicy Wydarze\u0144 1919 roku. Zapraszamy do Galerii POSK gdzie do 01.02.2019 prezentujemy wystaw\u0119: Sprawa polska w Traktacie Wersalskim, przygotowan\u0105 w j\u0119zyku polskim i angielskim. Pokazywane s\u0105 znajduj\u0105ce si\u0119 w zbiorach Biblioteki Polskiej POSK: Traktat Wersalski wydany w Londynie w 1919 roku, drugie londy\u0144skie wydanie Traktatu z [&hellip;]<\/p>\n","protected":false},"author":0,"featured_media":11688,"comment_status":"closed","ping_status":"open","sticky":false,"template":"","format":"standard","meta":{"_breakdance_hide_in_design_set":false,"_breakdance_tags":"","footnotes":""},"categories":[],"tags":[199,97,303],"class_list":["post-13106","post","type-post","status-publish","format-standard","has-post-thumbnail","hentry","tag-arkady-rzegocki","tag-dobroslawa-platt","tag-traktat-wersalski"],"meta_box":{"event_date":"","event_location":"","event_gallery":[],"external_link":""},"_links":{"self":[{"href":"https:\/\/library.appyard.uk\/en\/wp-json\/wp\/v2\/posts\/13106","targetHints":{"allow":["GET"]}}],"collection":[{"href":"https:\/\/library.appyard.uk\/en\/wp-json\/wp\/v2\/posts"}],"about":[{"href":"https:\/\/library.appyard.uk\/en\/wp-json\/wp\/v2\/types\/post"}],"replies":[{"embeddable":true,"href":"https:\/\/library.appyard.uk\/en\/wp-json\/wp\/v2\/comments?post=13106"}],"version-history":[{"count":1,"href":"https:\/\/library.appyard.uk\/en\/wp-json\/wp\/v2\/posts\/13106\/revisions"}],"predecessor-version":[{"id":13487,"href":"https:\/\/library.appyard.uk\/en\/wp-json\/wp\/v2\/posts\/13106\/revisions\/13487"}],"wp:featuredmedia":[{"embeddable":true,"href":"https:\/\/library.appyard.uk\/en\/wp-json\/wp\/v2\/media\/11688"}],"wp:attachment":[{"href":"https:\/\/library.appyard.uk\/en\/wp-json\/wp\/v2\/media?parent=13106"}],"wp:term":[{"taxonomy":"category","embeddable":true,"href":"https:\/\/library.appyard.uk\/en\/wp-json\/wp\/v2\/categories?post=13106"},{"taxonomy":"post_tag","embeddable":true,"href":"https:\/\/library.appyard.uk\/en\/wp-json\/wp\/v2\/tags?post=13106"}],"curies":[{"name":"wp","href":"https:\/\/api.w.org\/{rel}","templated":true}]}}