{"id":13104,"date":"2019-01-07T19:15:48","date_gmt":"2019-01-07T19:15:48","guid":{"rendered":"https:\/\/library.appyard.uk\/rozpoczecie-obchodow-setnej-rocznicy-wydarzen-1919-roku\/"},"modified":"2026-08-30T21:21:08","modified_gmt":"2026-08-30T21:21:08","slug":"rozpoczecie-obchodow-setnej-rocznicy-wydarzen-1919-roku","status":"publish","type":"post","link":"https:\/\/library.appyard.uk\/en\/rozpoczecie-obchodow-setnej-rocznicy-wydarzen-1919-roku\/","title":{"rendered":"Rozpocz\u0119cie obchod\u00f3w Setnej Rocznicy Wydarze\u0144 1919 roku"},"content":{"rendered":"<p>Biblioteka Polska POSK i Polski O\u015brodek Spo\u0142eczno-Kulturalny zapraszaj\u0105 na uroczyste rozpocz\u0119cie obchod\u00f3w <strong>Setnej Rocznicy Wydarze\u0144 1919 roku<\/strong>.<\/p>\n<p>26 stycznia 2019:<\/p>\n<p><span class=\"_2iem\"><strong>Galeria POSK, godz. 18:00<\/strong> <\/span><\/p>\n<p><span class=\"_2iem\">Sprawa polska w Traktacie Wersalskim &#8211; otwarcie wystawy. Projekcja filmu w re\u017c. Paula Cowana pt.: &#8222;Pary\u017c 1919 &#8211; traktat dla pokoju&#8221;. <\/span><\/p>\n<p><span class=\"_2iem\"><strong>Przed POSKiem, godz. 18:20<\/strong> <\/span><\/p>\n<p><span class=\"_2iem\">1919 &#8211; Polska buduje pa\u0144stwo. Ods\u0142oni\u0119cie wystawy na witrynach POSKu. <\/span><\/p>\n<p><span class=\"_2iem\"><strong>Teatr POSK, godz. 19:00<\/strong> <\/span><\/p>\n<p><span class=\"_2iem\">A to Polska w\u0142a\u015bnie&#8230; spektakl, oparty na scenach z &#8222;Wesela&#8221; Stanis\u0142awa Wyspia\u0144skigo.<\/span><\/p>","protected":false},"excerpt":{"rendered":"<p>Biblioteka Polska POSK i Polski O\u015brodek Spo\u0142eczno-Kulturalny zapraszaj\u0105 na uroczyste rozpocz\u0119cie obchod\u00f3w Setnej Rocznicy Wydarze\u0144 1919 roku. 26 stycznia 2019: Galeria POSK, godz. 18:00 Sprawa polska w Traktacie Wersalskim &#8211; otwarcie wystawy. Projekcja filmu w re\u017c. Paula Cowana pt.: &#8222;Pary\u017c 1919 &#8211; traktat dla pokoju&#8221;. Przed POSKiem, godz. 18:20 1919 &#8211; Polska buduje pa\u0144stwo. Ods\u0142oni\u0119cie [&hellip;]<\/p>\n","protected":false},"author":0,"featured_media":11706,"comment_status":"closed","ping_status":"open","sticky":false,"template":"","format":"standard","meta":{"_breakdance_hide_in_design_set":false,"_breakdance_tags":"","footnotes":""},"categories":[80,86],"tags":[97,303],"class_list":["post-13104","post","type-post","status-publish","format-standard","has-post-thumbnail","hentry","category-wydarzenia","category-wystawy","tag-dobroslawa-platt","tag-traktat-wersalski"],"meta_box":{"event_date":"","event_location":"","event_gallery":[],"external_link":""},"_links":{"self":[{"href":"https:\/\/library.appyard.uk\/en\/wp-json\/wp\/v2\/posts\/13104","targetHints":{"allow":["GET"]}}],"collection":[{"href":"https:\/\/library.appyard.uk\/en\/wp-json\/wp\/v2\/posts"}],"about":[{"href":"https:\/\/library.appyard.uk\/en\/wp-json\/wp\/v2\/types\/post"}],"replies":[{"embeddable":true,"href":"https:\/\/library.appyard.uk\/en\/wp-json\/wp\/v2\/comments?post=13104"}],"version-history":[{"count":1,"href":"https:\/\/library.appyard.uk\/en\/wp-json\/wp\/v2\/posts\/13104\/revisions"}],"predecessor-version":[{"id":13485,"href":"https:\/\/library.appyard.uk\/en\/wp-json\/wp\/v2\/posts\/13104\/revisions\/13485"}],"wp:featuredmedia":[{"embeddable":true,"href":"https:\/\/library.appyard.uk\/en\/wp-json\/wp\/v2\/media\/11706"}],"wp:attachment":[{"href":"https:\/\/library.appyard.uk\/en\/wp-json\/wp\/v2\/media?parent=13104"}],"wp:term":[{"taxonomy":"category","embeddable":true,"href":"https:\/\/library.appyard.uk\/en\/wp-json\/wp\/v2\/categories?post=13104"},{"taxonomy":"post_tag","embeddable":true,"href":"https:\/\/library.appyard.uk\/en\/wp-json\/wp\/v2\/tags?post=13104"}],"curies":[{"name":"wp","href":"https:\/\/api.w.org\/{rel}","templated":true}]}}