{"id":13099,"date":"2018-10-31T11:05:55","date_gmt":"2018-10-31T11:05:55","guid":{"rendered":"https:\/\/library.appyard.uk\/urodziny-zbigniewa-s-siemaszki\/"},"modified":"2026-08-30T21:21:08","modified_gmt":"2026-08-30T21:21:08","slug":"urodziny-zbigniewa-s-siemaszki","status":"publish","type":"post","link":"https:\/\/library.appyard.uk\/en\/urodziny-zbigniewa-s-siemaszki\/","title":{"rendered":"Urodziny Zbigniewa S. Siemaszki"},"content":{"rendered":"<p>W dniu 26 pa\u017adziernika 2018 r. obchodzili\u015bmy 95-te urodziny Zbigniewa S. Siemaszki, polskiego historyka, pisarza i publicysty emigracyjnego, autora m.in. takich ksi\u0105\u017cek jak: &#8222;Genera\u0142 Anders w latach 1892-1942&#8221;, &#8222;Pod sowieck\u0105 w\u0142adz\u0105 (1939-1942)&#8221;, &#8222;Dziewi\u0119\u0107 spojrze\u0144 na Powstanie Warszawskie (w latach 1969-2014)&#8221;. W uroczysto\u015bci wzi\u0119li udzia\u0142 przedstawiciele Ambasady RP w Londynie, \u015brodowiska emigracyjne, przedstawiciele POSK, Przyjaciele i Rodzina Jubilata. Zaproszeni go\u015bcie otrzymali folder autorstwa dr Dobros\u0142awy Platt pt. &#8222;Zbigniew S. Siemaszko w Bibliotece Polskiej POSK w Londynie&#8221;.<\/p>\n<p>Fot.: Grzegorz Pisarski<\/p>","protected":false},"excerpt":{"rendered":"<p>W dniu 26 pa\u017adziernika 2018 r. obchodzili\u015bmy 95-te urodziny Zbigniewa S. Siemaszki, polskiego historyka, pisarza i publicysty emigracyjnego, autora m.in. takich ksi\u0105\u017cek jak: &#8222;Genera\u0142 Anders w latach 1892-1942&#8221;, &#8222;Pod sowieck\u0105 w\u0142adz\u0105 (1939-1942)&#8221;, &#8222;Dziewi\u0119\u0107 spojrze\u0144 na Powstanie Warszawskie (w latach 1969-2014)&#8221;. W uroczysto\u015bci wzi\u0119li udzia\u0142 przedstawiciele Ambasady RP w Londynie, \u015brodowiska emigracyjne, przedstawiciele POSK, Przyjaciele i [&hellip;]<\/p>\n","protected":false},"author":0,"featured_media":10659,"comment_status":"closed","ping_status":"open","sticky":false,"template":"","format":"standard","meta":{"_breakdance_hide_in_design_set":false,"_breakdance_tags":"","footnotes":""},"categories":[80],"tags":[97],"class_list":["post-13099","post","type-post","status-publish","format-standard","has-post-thumbnail","hentry","category-wydarzenia","tag-dobroslawa-platt"],"meta_box":{"event_date":"","event_location":"","event_gallery":[],"external_link":""},"_links":{"self":[{"href":"https:\/\/library.appyard.uk\/en\/wp-json\/wp\/v2\/posts\/13099","targetHints":{"allow":["GET"]}}],"collection":[{"href":"https:\/\/library.appyard.uk\/en\/wp-json\/wp\/v2\/posts"}],"about":[{"href":"https:\/\/library.appyard.uk\/en\/wp-json\/wp\/v2\/types\/post"}],"replies":[{"embeddable":true,"href":"https:\/\/library.appyard.uk\/en\/wp-json\/wp\/v2\/comments?post=13099"}],"version-history":[{"count":1,"href":"https:\/\/library.appyard.uk\/en\/wp-json\/wp\/v2\/posts\/13099\/revisions"}],"predecessor-version":[{"id":13480,"href":"https:\/\/library.appyard.uk\/en\/wp-json\/wp\/v2\/posts\/13099\/revisions\/13480"}],"wp:featuredmedia":[{"embeddable":true,"href":"https:\/\/library.appyard.uk\/en\/wp-json\/wp\/v2\/media\/10659"}],"wp:attachment":[{"href":"https:\/\/library.appyard.uk\/en\/wp-json\/wp\/v2\/media?parent=13099"}],"wp:term":[{"taxonomy":"category","embeddable":true,"href":"https:\/\/library.appyard.uk\/en\/wp-json\/wp\/v2\/categories?post=13099"},{"taxonomy":"post_tag","embeddable":true,"href":"https:\/\/library.appyard.uk\/en\/wp-json\/wp\/v2\/tags?post=13099"}],"curies":[{"name":"wp","href":"https:\/\/api.w.org\/{rel}","templated":true}]}}