{"id":13098,"date":"2018-10-26T11:55:11","date_gmt":"2018-10-26T11:55:11","guid":{"rendered":"https:\/\/library.appyard.uk\/instytut-pamieci-narodowej-na-szlaku-niepodleglosci\/"},"modified":"2026-08-30T21:21:08","modified_gmt":"2026-08-30T21:21:08","slug":"instytut-pamieci-narodowej-na-szlaku-niepodleglosci","status":"publish","type":"post","link":"https:\/\/library.appyard.uk\/en\/instytut-pamieci-narodowej-na-szlaku-niepodleglosci\/","title":{"rendered":"Instytut Pami\u0119ci Narodowej &#8211; na szlaku Niepodleg\u0142o\u015bci"},"content":{"rendered":"<p>21 pa\u017adziernika 2018 w Sali Malinowej POSK odby\u0142 si\u0119 wyk\u0142ad dr Jaros\u0142awa Szarka, prezesa Instytutu Pami\u0119ci Narodowej, pt.: \u201eInstytut Pami\u0119ci Narodowej &#8211; na szlaku Niepodleg\u0142o\u015bci\u201d.<\/p>\n<p>#Jaros\u0142awSzarek #InstytutPami\u0119ciNarodowej<\/p>\n<p>&nbsp;<\/p>\n<p>Fot.: Wojciech Klas<\/p>\n<p><span class=\"_2iem\">\u00a0<\/span><\/p>\n<p><span class=\"_2iem\">\u00a0<\/span><\/p>\n<p>&nbsp;<\/p>\n<p>&nbsp;<\/p>","protected":false},"excerpt":{"rendered":"<p>21 pa\u017adziernika 2018 w Sali Malinowej POSK odby\u0142 si\u0119 wyk\u0142ad dr Jaros\u0142awa Szarka, prezesa Instytutu Pami\u0119ci Narodowej, pt.: \u201eInstytut Pami\u0119ci Narodowej &#8211; na szlaku Niepodleg\u0142o\u015bci\u201d. #Jaros\u0142awSzarek #InstytutPami\u0119ciNarodowej &nbsp; Fot.: Wojciech Klas \u00a0 \u00a0 &nbsp; &nbsp;<\/p>","protected":false},"author":0,"featured_media":10685,"comment_status":"closed","ping_status":"open","sticky":false,"template":"","format":"standard","meta":{"_breakdance_hide_in_design_set":false,"_breakdance_tags":"","footnotes":""},"categories":[87],"tags":[299,97,257],"class_list":["post-13098","post","type-post","status-publish","format-standard","has-post-thumbnail","hentry","category-wyklady","tag-jaroslaw-szarek","tag-dobroslawa-platt","tag-instytut-pamieci-narodowej"],"meta_box":{"event_date":"","event_location":"","event_gallery":[],"external_link":""},"_links":{"self":[{"href":"https:\/\/library.appyard.uk\/en\/wp-json\/wp\/v2\/posts\/13098","targetHints":{"allow":["GET"]}}],"collection":[{"href":"https:\/\/library.appyard.uk\/en\/wp-json\/wp\/v2\/posts"}],"about":[{"href":"https:\/\/library.appyard.uk\/en\/wp-json\/wp\/v2\/types\/post"}],"replies":[{"embeddable":true,"href":"https:\/\/library.appyard.uk\/en\/wp-json\/wp\/v2\/comments?post=13098"}],"version-history":[{"count":1,"href":"https:\/\/library.appyard.uk\/en\/wp-json\/wp\/v2\/posts\/13098\/revisions"}],"predecessor-version":[{"id":13479,"href":"https:\/\/library.appyard.uk\/en\/wp-json\/wp\/v2\/posts\/13098\/revisions\/13479"}],"wp:featuredmedia":[{"embeddable":true,"href":"https:\/\/library.appyard.uk\/en\/wp-json\/wp\/v2\/media\/10685"}],"wp:attachment":[{"href":"https:\/\/library.appyard.uk\/en\/wp-json\/wp\/v2\/media?parent=13098"}],"wp:term":[{"taxonomy":"category","embeddable":true,"href":"https:\/\/library.appyard.uk\/en\/wp-json\/wp\/v2\/categories?post=13098"},{"taxonomy":"post_tag","embeddable":true,"href":"https:\/\/library.appyard.uk\/en\/wp-json\/wp\/v2\/tags?post=13098"}],"curies":[{"name":"wp","href":"https:\/\/api.w.org\/{rel}","templated":true}]}}