{"id":13096,"date":"2018-09-08T15:14:27","date_gmt":"2018-09-08T15:14:27","guid":{"rendered":"https:\/\/library.appyard.uk\/narodowe-czytanie-przedwiosnia-stefana-zeromskiego\/"},"modified":"2026-08-30T21:21:08","modified_gmt":"2026-08-30T21:21:08","slug":"narodowe-czytanie-przedwiosnia-stefana-zeromskiego","status":"publish","type":"post","link":"https:\/\/library.appyard.uk\/en\/narodowe-czytanie-przedwiosnia-stefana-zeromskiego\/","title":{"rendered":"Narodowe Czytanie &#8222;Przedwio\u015bnia&#8221; Stefana \u017beromskiego"},"content":{"rendered":"<p>8 wrze\u015bnia 2018 r. w Sali Malinowej POSK odby\u0142o si\u0119 Narodowe Czytanie fragment\u00f3w &#8222;Przedwio\u015bnia&#8221; Stefana \u017beromskiego. Spotkanie u\u015bwietni\u0142 swoj\u0105 obecno\u015bci\u0105 Ambasador RP wraz z Ma\u0142\u017conk\u0105, kt\u00f3rzy odczytali pierwsze fragmenty tekstu. W Narodowym Czytaniu wzi\u0119li udzia\u0142 przedstawiciele najstarszych organizacji polonijnych, maj\u0105cych swoje siedziby w POSK-u.<\/p>\n<p>Tego samego dnia Narodowe Czytanie rozpocz\u0105\u0142 w Warszawie Prezydent RP wraz z Ma\u0142\u017conk\u0105.<\/p>\n<p>#NarodoweCzytanie #Przedwio\u015bnie #Stefan\u017beromski<\/p>\n<p>Fot.: Justyna W\u0119glarz<\/p>","protected":false},"excerpt":{"rendered":"<p>8 wrze\u015bnia 2018 r. w Sali Malinowej POSK odby\u0142o si\u0119 Narodowe Czytanie fragment\u00f3w &#8222;Przedwio\u015bnia&#8221; Stefana \u017beromskiego. Spotkanie u\u015bwietni\u0142 swoj\u0105 obecno\u015bci\u0105 Ambasador RP wraz z Ma\u0142\u017conk\u0105, kt\u00f3rzy odczytali pierwsze fragmenty tekstu. W Narodowym Czytaniu wzi\u0119li udzia\u0142 przedstawiciele najstarszych organizacji polonijnych, maj\u0105cych swoje siedziby w POSK-u. Tego samego dnia Narodowe Czytanie rozpocz\u0105\u0142 w Warszawie Prezydent RP wraz [&hellip;]<\/p>\n","protected":false},"author":0,"featured_media":10604,"comment_status":"closed","ping_status":"open","sticky":false,"template":"","format":"standard","meta":{"_breakdance_hide_in_design_set":false,"_breakdance_tags":"","footnotes":""},"categories":[80],"tags":[199,97,297],"class_list":["post-13096","post","type-post","status-publish","format-standard","has-post-thumbnail","hentry","category-wydarzenia","tag-arkady-rzegocki","tag-dobroslawa-platt","tag-jolanta-rzegocka"],"meta_box":{"event_date":"","event_location":"","event_gallery":[],"external_link":""},"_links":{"self":[{"href":"https:\/\/library.appyard.uk\/en\/wp-json\/wp\/v2\/posts\/13096","targetHints":{"allow":["GET"]}}],"collection":[{"href":"https:\/\/library.appyard.uk\/en\/wp-json\/wp\/v2\/posts"}],"about":[{"href":"https:\/\/library.appyard.uk\/en\/wp-json\/wp\/v2\/types\/post"}],"replies":[{"embeddable":true,"href":"https:\/\/library.appyard.uk\/en\/wp-json\/wp\/v2\/comments?post=13096"}],"version-history":[{"count":1,"href":"https:\/\/library.appyard.uk\/en\/wp-json\/wp\/v2\/posts\/13096\/revisions"}],"predecessor-version":[{"id":13477,"href":"https:\/\/library.appyard.uk\/en\/wp-json\/wp\/v2\/posts\/13096\/revisions\/13477"}],"wp:featuredmedia":[{"embeddable":true,"href":"https:\/\/library.appyard.uk\/en\/wp-json\/wp\/v2\/media\/10604"}],"wp:attachment":[{"href":"https:\/\/library.appyard.uk\/en\/wp-json\/wp\/v2\/media?parent=13096"}],"wp:term":[{"taxonomy":"category","embeddable":true,"href":"https:\/\/library.appyard.uk\/en\/wp-json\/wp\/v2\/categories?post=13096"},{"taxonomy":"post_tag","embeddable":true,"href":"https:\/\/library.appyard.uk\/en\/wp-json\/wp\/v2\/tags?post=13096"}],"curies":[{"name":"wp","href":"https:\/\/api.w.org\/{rel}","templated":true}]}}