{"id":13095,"date":"2018-09-07T11:07:40","date_gmt":"2018-09-07T11:07:40","guid":{"rendered":"https:\/\/library.appyard.uk\/the-last-witness-katyn-ostatni-swiadek\/"},"modified":"2026-08-30T21:21:08","modified_gmt":"2026-08-30T21:21:08","slug":"the-last-witness-katyn-ostatni-swiadek","status":"publish","type":"post","link":"https:\/\/library.appyard.uk\/en\/the-last-witness-katyn-ostatni-swiadek\/","title":{"rendered":"The Last Witness\/ Katy\u0144 &#8211; Ostatni \u015bwiadek"},"content":{"rendered":"<p><span class=\"_2iem\">7 wrze\u015bnia 2018 w Sali Teatralnej POSK, odby\u0142a si\u0119 projekcja filmu w re\u017cyserii Piotra Szkopiaka, pt. &#8222;The Last Witness\/ Katy\u0144 &#8211; Ostatni \u015bwiadek&#8221;. Film wzbudzi\u0142 wielkie zainteresowanie, o czym \u015bwiadczy\u0142a wype\u0142niona po brzegi sala teatralna. Na filmie obecny by\u0142 Ambasador RP, Arkady Rzegocki oraz Konsul Jerzy Ukla\u0144ski wraz z ma\u0142\u017conk\u0105. Po projekcji mia\u0142a miejsce rozmowa z re\u017cyserem z udzia\u0142em publiczno\u015bci.<br \/>\n<\/span><\/p>\n<p><span class=\"_2iem\">#Katy\u0144 #Piotr Szkopiak #Ostatni \u015bwiadek #Sprawamordukaty\u0144skiego <\/span><\/p>\n<p><span class=\"_2iem\">Fot.: Justyna W\u0119glarz<br \/>\n<\/span><\/p>","protected":false},"excerpt":{"rendered":"<p>7 wrze\u015bnia 2018 w Sali Teatralnej POSK, odby\u0142a si\u0119 projekcja filmu w re\u017cyserii Piotra Szkopiaka, pt. &#8222;The Last Witness\/ Katy\u0144 &#8211; Ostatni \u015bwiadek&#8221;. Film wzbudzi\u0142 wielkie zainteresowanie, o czym \u015bwiadczy\u0142a wype\u0142niona po brzegi sala teatralna. Na filmie obecny by\u0142 Ambasador RP, Arkady Rzegocki oraz Konsul Jerzy Ukla\u0144ski wraz z ma\u0142\u017conk\u0105. Po projekcji mia\u0142a miejsce rozmowa [&hellip;]<\/p>\n","protected":false},"author":0,"featured_media":10590,"comment_status":"closed","ping_status":"open","sticky":false,"template":"","format":"standard","meta":{"_breakdance_hide_in_design_set":false,"_breakdance_tags":"","footnotes":""},"categories":[80],"tags":[199,97,295],"class_list":["post-13095","post","type-post","status-publish","format-standard","has-post-thumbnail","hentry","category-wydarzenia","tag-arkady-rzegocki","tag-dobroslawa-platt","tag-piotr-szkopiak"],"meta_box":{"event_date":"","event_location":"","event_gallery":[],"external_link":""},"_links":{"self":[{"href":"https:\/\/library.appyard.uk\/en\/wp-json\/wp\/v2\/posts\/13095","targetHints":{"allow":["GET"]}}],"collection":[{"href":"https:\/\/library.appyard.uk\/en\/wp-json\/wp\/v2\/posts"}],"about":[{"href":"https:\/\/library.appyard.uk\/en\/wp-json\/wp\/v2\/types\/post"}],"replies":[{"embeddable":true,"href":"https:\/\/library.appyard.uk\/en\/wp-json\/wp\/v2\/comments?post=13095"}],"version-history":[{"count":1,"href":"https:\/\/library.appyard.uk\/en\/wp-json\/wp\/v2\/posts\/13095\/revisions"}],"predecessor-version":[{"id":13476,"href":"https:\/\/library.appyard.uk\/en\/wp-json\/wp\/v2\/posts\/13095\/revisions\/13476"}],"wp:featuredmedia":[{"embeddable":true,"href":"https:\/\/library.appyard.uk\/en\/wp-json\/wp\/v2\/media\/10590"}],"wp:attachment":[{"href":"https:\/\/library.appyard.uk\/en\/wp-json\/wp\/v2\/media?parent=13095"}],"wp:term":[{"taxonomy":"category","embeddable":true,"href":"https:\/\/library.appyard.uk\/en\/wp-json\/wp\/v2\/categories?post=13095"},{"taxonomy":"post_tag","embeddable":true,"href":"https:\/\/library.appyard.uk\/en\/wp-json\/wp\/v2\/tags?post=13095"}],"curies":[{"name":"wp","href":"https:\/\/api.w.org\/{rel}","templated":true}]}}