{"id":13094,"date":"2018-07-06T18:39:56","date_gmt":"2018-07-06T18:39:56","guid":{"rendered":"https:\/\/library.appyard.uk\/sprawa-mordu-katynskiego\/"},"modified":"2026-08-30T21:21:07","modified_gmt":"2026-08-30T21:21:07","slug":"sprawa-mordu-katynskiego","status":"publish","type":"post","link":"https:\/\/library.appyard.uk\/en\/sprawa-mordu-katynskiego\/","title":{"rendered":"Sprawa mordu katy\u0144skiego"},"content":{"rendered":"<p><span class=\"_2iem\">6 lipca 2018 w Sali Malinowej POSK, odby\u0142 si\u0119 wyk\u0142ad profesora Adama Fitasa na temat J\u00f3zefa Mackiewicza i jego ksi\u0105\u017cki pt.: &#8222;Sprawa mordu katy\u0144skiego&#8221;. Ksi\u0105\u017cka zosta\u0142a wznowiona w 2018 w wydawnictwie Kontra. Wyk\u0142ad by\u0142 bardzo interesuj\u0105cy i wzbudzi\u0142 fal\u0119 pyta\u0144 z publiczno\u015bci. <\/span><\/p>\n<p><span class=\"_2iem\">#Katy\u0144 #J\u00f3zefMackiewicz #AdamFitas #Sprawamordukaty\u0144skiego <\/span><\/p>\n<p><span class=\"_2iem\">Fot.: Daria Kuczy\u0144ska<\/span><\/p>","protected":false},"excerpt":{"rendered":"<p>6 lipca 2018 w Sali Malinowej POSK, odby\u0142 si\u0119 wyk\u0142ad profesora Adama Fitasa na temat J\u00f3zefa Mackiewicza i jego ksi\u0105\u017cki pt.: &#8222;Sprawa mordu katy\u0144skiego&#8221;. Ksi\u0105\u017cka zosta\u0142a wznowiona w 2018 w wydawnictwie Kontra. Wyk\u0142ad by\u0142 bardzo interesuj\u0105cy i wzbudzi\u0142 fal\u0119 pyta\u0144 z publiczno\u015bci. #Katy\u0144 #J\u00f3zefMackiewicz #AdamFitas #Sprawamordukaty\u0144skiego Fot.: Daria Kuczy\u0144ska<\/p>","protected":false},"author":0,"featured_media":10642,"comment_status":"closed","ping_status":"open","sticky":false,"template":"","format":"standard","meta":{"_breakdance_hide_in_design_set":false,"_breakdance_tags":"","footnotes":""},"categories":[87],"tags":[291,97,292],"class_list":["post-13094","post","type-post","status-publish","format-standard","has-post-thumbnail","hentry","category-wyklady","tag-adam-fitas","tag-dobroslawa-platt","tag-katyn"],"meta_box":{"event_date":"","event_location":"","event_gallery":[],"external_link":""},"_links":{"self":[{"href":"https:\/\/library.appyard.uk\/en\/wp-json\/wp\/v2\/posts\/13094","targetHints":{"allow":["GET"]}}],"collection":[{"href":"https:\/\/library.appyard.uk\/en\/wp-json\/wp\/v2\/posts"}],"about":[{"href":"https:\/\/library.appyard.uk\/en\/wp-json\/wp\/v2\/types\/post"}],"replies":[{"embeddable":true,"href":"https:\/\/library.appyard.uk\/en\/wp-json\/wp\/v2\/comments?post=13094"}],"version-history":[{"count":1,"href":"https:\/\/library.appyard.uk\/en\/wp-json\/wp\/v2\/posts\/13094\/revisions"}],"predecessor-version":[{"id":13475,"href":"https:\/\/library.appyard.uk\/en\/wp-json\/wp\/v2\/posts\/13094\/revisions\/13475"}],"wp:featuredmedia":[{"embeddable":true,"href":"https:\/\/library.appyard.uk\/en\/wp-json\/wp\/v2\/media\/10642"}],"wp:attachment":[{"href":"https:\/\/library.appyard.uk\/en\/wp-json\/wp\/v2\/media?parent=13094"}],"wp:term":[{"taxonomy":"category","embeddable":true,"href":"https:\/\/library.appyard.uk\/en\/wp-json\/wp\/v2\/categories?post=13094"},{"taxonomy":"post_tag","embeddable":true,"href":"https:\/\/library.appyard.uk\/en\/wp-json\/wp\/v2\/tags?post=13094"}],"curies":[{"name":"wp","href":"https:\/\/api.w.org\/{rel}","templated":true}]}}