{"id":13087,"date":"2018-02-24T13:14:24","date_gmt":"2018-02-24T13:14:24","guid":{"rendered":"https:\/\/library.appyard.uk\/powstawala-ii-rzeczpospolita-sesja-naukowa\/"},"modified":"2026-08-30T21:21:07","modified_gmt":"2026-08-30T21:21:07","slug":"powstawala-ii-rzeczpospolita-sesja-naukowa","status":"publish","type":"post","link":"https:\/\/library.appyard.uk\/en\/powstawala-ii-rzeczpospolita-sesja-naukowa\/","title":{"rendered":"Jak powstawa\u0142a II Rzeczpospolita? Sesja naukowa"},"content":{"rendered":"<p><span class=\"_2iem\">24 lutego 2018 w Teatrze POSK odby\u0142a si\u0119 Inauguracja obchod\u00f3w Stulecia Odzyskania Niepodleg\u0142o\u015bci, kt\u00f3r\u0105 zorganizowa\u0142a Biblioteka Polska POSK w Londynie wraz z Instytutem Pami\u0119ci Narodowej z Warszawy. Sesja naukowa cieszy\u0142a si\u0119 du\u017cym zainteresowaniem i zosta\u0142a bardzo pozytywnie odebrana przez osoby w niej uczestnicz\u0105ce. Swoje referaty wyg\u0142osili: p. Zbigniew Siemaszko, prof. Tadeusz Wolsza, prof. Tadeusz W\u0142udyka, prof. Bogus\u0142aw Polak, dr Micha\u0142 Polak, dr Robert Kotowski, dr Ma\u0142gorzata Ptasi\u0144ska, dr Danuta Jastrz\u0119bska-Golonka. <\/span><\/p>\n<p><span class=\"_2iem\">Fot.: Wojciech Klas i Justyna W\u0119glarz<\/span><\/p>","protected":false},"excerpt":{"rendered":"<p>24 lutego 2018 w Teatrze POSK odby\u0142a si\u0119 Inauguracja obchod\u00f3w Stulecia Odzyskania Niepodleg\u0142o\u015bci, kt\u00f3r\u0105 zorganizowa\u0142a Biblioteka Polska POSK w Londynie wraz z Instytutem Pami\u0119ci Narodowej z Warszawy. Sesja naukowa cieszy\u0142a si\u0119 du\u017cym zainteresowaniem i zosta\u0142a bardzo pozytywnie odebrana przez osoby w niej uczestnicz\u0105ce. Swoje referaty wyg\u0142osili: p. Zbigniew Siemaszko, prof. Tadeusz Wolsza, prof. Tadeusz W\u0142udyka, [&hellip;]<\/p>\n","protected":false},"author":0,"featured_media":10422,"comment_status":"closed","ping_status":"open","sticky":false,"template":"","format":"standard","meta":{"_breakdance_hide_in_design_set":false,"_breakdance_tags":"","footnotes":""},"categories":[83],"tags":[262,267,97,257,218,263,264,261,265,260,258,259,266,189,214],"class_list":["post-13087","post","type-post","status-publish","format-standard","has-post-thumbnail","hentry","category-konferencje","tag-boguslaw-polak","tag-danuta-jastrzebska-golonka","tag-dobroslawa-platt","tag-instytut-pamieci-narodowej","tag-malgorzata-ptasinska-2","tag-michal-polak","tag-muzeum-narodowe-w-kielcach","tag-politechnika-koszalinska","tag-robert-kotowski","tag-tadeusz-wludyka","tag-tadeusz-wolsza","tag-uniwersytet-jagiellonski","tag-uniwersytet-kazimierza-wielkiego-w-bydgoszczy","tag-wojciech-klas","tag-zbigniew-siemaszko-2"],"meta_box":{"event_date":"","event_location":"","event_gallery":[],"external_link":""},"_links":{"self":[{"href":"https:\/\/library.appyard.uk\/en\/wp-json\/wp\/v2\/posts\/13087","targetHints":{"allow":["GET"]}}],"collection":[{"href":"https:\/\/library.appyard.uk\/en\/wp-json\/wp\/v2\/posts"}],"about":[{"href":"https:\/\/library.appyard.uk\/en\/wp-json\/wp\/v2\/types\/post"}],"replies":[{"embeddable":true,"href":"https:\/\/library.appyard.uk\/en\/wp-json\/wp\/v2\/comments?post=13087"}],"version-history":[{"count":1,"href":"https:\/\/library.appyard.uk\/en\/wp-json\/wp\/v2\/posts\/13087\/revisions"}],"predecessor-version":[{"id":13468,"href":"https:\/\/library.appyard.uk\/en\/wp-json\/wp\/v2\/posts\/13087\/revisions\/13468"}],"wp:featuredmedia":[{"embeddable":true,"href":"https:\/\/library.appyard.uk\/en\/wp-json\/wp\/v2\/media\/10422"}],"wp:attachment":[{"href":"https:\/\/library.appyard.uk\/en\/wp-json\/wp\/v2\/media?parent=13087"}],"wp:term":[{"taxonomy":"category","embeddable":true,"href":"https:\/\/library.appyard.uk\/en\/wp-json\/wp\/v2\/categories?post=13087"},{"taxonomy":"post_tag","embeddable":true,"href":"https:\/\/library.appyard.uk\/en\/wp-json\/wp\/v2\/tags?post=13087"}],"curies":[{"name":"wp","href":"https:\/\/api.w.org\/{rel}","templated":true}]}}