{"id":13075,"date":"2017-09-09T14:19:13","date_gmt":"2017-09-09T14:19:13","guid":{"rendered":"https:\/\/library.appyard.uk\/spotkanie-grzegorzem-gornym\/"},"modified":"2026-08-30T21:21:07","modified_gmt":"2026-08-30T21:21:07","slug":"spotkanie-grzegorzem-gornym","status":"publish","type":"post","link":"https:\/\/library.appyard.uk\/en\/spotkanie-grzegorzem-gornym\/","title":{"rendered":"Spotkanie z Grzegorzem G\u00f3rnym"},"content":{"rendered":"<p>9 wrze\u015bnia 2017 roku w\u00a0Sali\u00a0Malinowej\u00a0POSK w Londynie, odby\u0142o si\u0119 spotkanie z\u00a0reporterem Grzegorzem G\u00f3rnym, wsp\u00f3\u0142autorem ksi\u0105\u017cki\u00a0<em>Tajemnice <\/em><em>Fatimy. Najwi\u0119kszy sekret XX wieku<\/em>.\u00a0Ksi\u0105\u017cka opowiada o objawieniach fatimskich w kontek\u015bcie historycznym.\u00a0Spotkanie cieszy\u0142o si\u0119 ogromnym zainteresowaniem i by\u0142o bardzo ciekawe. Po spotkaniu autor podpisywa\u0142 zakupione\u00a0podczas spotkania egzemplarze omawianej ksi\u0105\u017cki, dost\u0119pne w j\u0119zyku polskim i angielskim.<\/p>\n<p>Fot.: Justyna W\u0119glarz.<\/p>","protected":false},"excerpt":{"rendered":"<p>9 wrze\u015bnia 2017 roku w\u00a0Sali\u00a0Malinowej\u00a0POSK w Londynie, odby\u0142o si\u0119 spotkanie z\u00a0reporterem Grzegorzem G\u00f3rnym, wsp\u00f3\u0142autorem ksi\u0105\u017cki\u00a0Tajemnice Fatimy. Najwi\u0119kszy sekret XX wieku.\u00a0Ksi\u0105\u017cka opowiada o objawieniach fatimskich w kontek\u015bcie historycznym.\u00a0Spotkanie cieszy\u0142o si\u0119 ogromnym zainteresowaniem i by\u0142o bardzo ciekawe. Po spotkaniu autor podpisywa\u0142 zakupione\u00a0podczas spotkania egzemplarze omawianej ksi\u0105\u017cki, dost\u0119pne w j\u0119zyku polskim i angielskim. Fot.: Justyna W\u0119glarz.<\/p>","protected":false},"author":0,"featured_media":12407,"comment_status":"closed","ping_status":"open","sticky":false,"template":"","format":"standard","meta":{"_breakdance_hide_in_design_set":false,"_breakdance_tags":"","footnotes":""},"categories":[82],"tags":[97,226,224,225],"class_list":["post-13075","post","type-post","status-publish","format-standard","has-post-thumbnail","hentry","category-spotkania","tag-dobroslawa-platt","tag-fatima","tag-grzegorz-gorny","tag-janusz-rosikon"],"meta_box":{"event_date":"","event_location":"","event_gallery":[],"external_link":""},"_links":{"self":[{"href":"https:\/\/library.appyard.uk\/en\/wp-json\/wp\/v2\/posts\/13075","targetHints":{"allow":["GET"]}}],"collection":[{"href":"https:\/\/library.appyard.uk\/en\/wp-json\/wp\/v2\/posts"}],"about":[{"href":"https:\/\/library.appyard.uk\/en\/wp-json\/wp\/v2\/types\/post"}],"replies":[{"embeddable":true,"href":"https:\/\/library.appyard.uk\/en\/wp-json\/wp\/v2\/comments?post=13075"}],"version-history":[{"count":1,"href":"https:\/\/library.appyard.uk\/en\/wp-json\/wp\/v2\/posts\/13075\/revisions"}],"predecessor-version":[{"id":13456,"href":"https:\/\/library.appyard.uk\/en\/wp-json\/wp\/v2\/posts\/13075\/revisions\/13456"}],"wp:featuredmedia":[{"embeddable":true,"href":"https:\/\/library.appyard.uk\/en\/wp-json\/wp\/v2\/media\/12407"}],"wp:attachment":[{"href":"https:\/\/library.appyard.uk\/en\/wp-json\/wp\/v2\/media?parent=13075"}],"wp:term":[{"taxonomy":"category","embeddable":true,"href":"https:\/\/library.appyard.uk\/en\/wp-json\/wp\/v2\/categories?post=13075"},{"taxonomy":"post_tag","embeddable":true,"href":"https:\/\/library.appyard.uk\/en\/wp-json\/wp\/v2\/tags?post=13075"}],"curies":[{"name":"wp","href":"https:\/\/api.w.org\/{rel}","templated":true}]}}