{"id":13070,"date":"2017-04-21T08:09:17","date_gmt":"2017-04-21T08:09:17","guid":{"rendered":"https:\/\/library.appyard.uk\/spotkanie-prof-dr-hab-krzysztofem-tarka\/"},"modified":"2026-08-30T21:21:06","modified_gmt":"2026-08-30T21:21:06","slug":"spotkanie-prof-dr-hab-krzysztofem-tarka","status":"publish","type":"post","link":"https:\/\/library.appyard.uk\/en\/spotkanie-prof-dr-hab-krzysztofem-tarka\/","title":{"rendered":"Spotkanie z prof. dr hab. Krzysztofem Tark\u0105"},"content":{"rendered":"<p><span class=\"_50f4\">21 kwietnia 2017 roku w Sali Malinowej POSK w Londynie, odby\u0142o si\u0119 spotkanie z prof. dr hab. Krzysztofem Tark\u0105, kt\u00f3ry przeprowadzi\u0142 wyk\u0142ad pt.: <em>Emigranci na celowniku. W\u0142adze Polski Ludowej wobec wychod\u017astwa<\/em>. Spotkanie po\u0142\u0105czone by\u0142o ze sprzeda\u017c\u0105 ksi\u0105\u017cek autorstwa profesora. <\/span><\/p>\n<p><span class=\"_50f4\">Fot.: Daria Kuczy\u0144ska.<\/span><\/p>","protected":false},"excerpt":{"rendered":"<p>21 kwietnia 2017 roku w Sali Malinowej POSK w Londynie, odby\u0142o si\u0119 spotkanie z prof. dr hab. Krzysztofem Tark\u0105, kt\u00f3ry przeprowadzi\u0142 wyk\u0142ad pt.: Emigranci na celowniku. W\u0142adze Polski Ludowej wobec wychod\u017astwa. Spotkanie po\u0142\u0105czone by\u0142o ze sprzeda\u017c\u0105 ksi\u0105\u017cek autorstwa profesora. Fot.: Daria Kuczy\u0144ska.<\/p>","protected":false},"author":0,"featured_media":12413,"comment_status":"closed","ping_status":"open","sticky":false,"template":"","format":"standard","meta":{"_breakdance_hide_in_design_set":false,"_breakdance_tags":"","footnotes":""},"categories":[82],"tags":[97,196,195],"class_list":["post-13070","post","type-post","status-publish","format-standard","has-post-thumbnail","hentry","category-spotkania","tag-dobroslawa-platt","tag-krzysztof-grzelczyk","tag-krzysztof-tarka"],"meta_box":{"event_date":"","event_location":"","event_gallery":[],"external_link":""},"_links":{"self":[{"href":"https:\/\/library.appyard.uk\/en\/wp-json\/wp\/v2\/posts\/13070","targetHints":{"allow":["GET"]}}],"collection":[{"href":"https:\/\/library.appyard.uk\/en\/wp-json\/wp\/v2\/posts"}],"about":[{"href":"https:\/\/library.appyard.uk\/en\/wp-json\/wp\/v2\/types\/post"}],"replies":[{"embeddable":true,"href":"https:\/\/library.appyard.uk\/en\/wp-json\/wp\/v2\/comments?post=13070"}],"version-history":[{"count":1,"href":"https:\/\/library.appyard.uk\/en\/wp-json\/wp\/v2\/posts\/13070\/revisions"}],"predecessor-version":[{"id":13451,"href":"https:\/\/library.appyard.uk\/en\/wp-json\/wp\/v2\/posts\/13070\/revisions\/13451"}],"wp:featuredmedia":[{"embeddable":true,"href":"https:\/\/library.appyard.uk\/en\/wp-json\/wp\/v2\/media\/12413"}],"wp:attachment":[{"href":"https:\/\/library.appyard.uk\/en\/wp-json\/wp\/v2\/media?parent=13070"}],"wp:term":[{"taxonomy":"category","embeddable":true,"href":"https:\/\/library.appyard.uk\/en\/wp-json\/wp\/v2\/categories?post=13070"},{"taxonomy":"post_tag","embeddable":true,"href":"https:\/\/library.appyard.uk\/en\/wp-json\/wp\/v2\/tags?post=13070"}],"curies":[{"name":"wp","href":"https:\/\/api.w.org\/{rel}","templated":true}]}}