{"id":13067,"date":"2017-03-15T15:37:20","date_gmt":"2017-03-15T15:37:20","guid":{"rendered":"https:\/\/library.appyard.uk\/spotkanie-ramach-miedzynarodowych-targow-ksiazki-londynie\/"},"modified":"2026-08-30T21:21:06","modified_gmt":"2026-08-30T21:21:06","slug":"spotkanie-ramach-miedzynarodowych-targow-ksiazki-londynie","status":"publish","type":"post","link":"https:\/\/library.appyard.uk\/en\/spotkanie-ramach-miedzynarodowych-targow-ksiazki-londynie\/","title":{"rendered":"Spotkanie w ramach Mi\u0119dzynarodowych Targ\u00f3w Ksi\u0105\u017cki w Londynie"},"content":{"rendered":"<p>14 marca 2017 roku w\u00a0Sali Multimedialnej\u00a0POSK w Londynie, odby\u0142o si\u0119 spotkanie z Ma\u0142gorzat\u0105 Kupiszewsk\u0105, kt\u00f3ra opowiada\u0142a o nowej edycji <em>Raportu <\/em>Witolda Pileckiego, wydanego w wersji polskiej i angielskiej. O postaci Witolda Pileckiego opowiada\u0142a r\u00f3wnie\u017c Eugenia Maresch.\u00a0Spotkanie to odby\u0142o si\u0119 w ramach Mi\u0119dzynarodowych Targ\u00f3w Ksi\u0105\u017cki w Londynie.<\/p>\n<p>Fot.: Wojciech Klas.<\/p>","protected":false},"excerpt":{"rendered":"<p>14 marca 2017 roku w\u00a0Sali Multimedialnej\u00a0POSK w Londynie, odby\u0142o si\u0119 spotkanie z Ma\u0142gorzat\u0105 Kupiszewsk\u0105, kt\u00f3ra opowiada\u0142a o nowej edycji Raportu Witolda Pileckiego, wydanego w wersji polskiej i angielskiej. O postaci Witolda Pileckiego opowiada\u0142a r\u00f3wnie\u017c Eugenia Maresch.\u00a0Spotkanie to odby\u0142o si\u0119 w ramach Mi\u0119dzynarodowych Targ\u00f3w Ksi\u0105\u017cki w Londynie. Fot.: Wojciech Klas.<\/p>","protected":false},"author":0,"featured_media":12317,"comment_status":"closed","ping_status":"open","sticky":false,"template":"","format":"standard","meta":{"_breakdance_hide_in_design_set":false,"_breakdance_tags":"","footnotes":""},"categories":[82],"tags":[97,101,186,189],"class_list":["post-13067","post","type-post","status-publish","format-standard","has-post-thumbnail","hentry","category-spotkania","tag-dobroslawa-platt","tag-eugenia-maresch","tag-malgorzata-kupiszewska","tag-wojciech-klas"],"meta_box":{"event_date":"","event_location":"","event_gallery":[],"external_link":""},"_links":{"self":[{"href":"https:\/\/library.appyard.uk\/en\/wp-json\/wp\/v2\/posts\/13067","targetHints":{"allow":["GET"]}}],"collection":[{"href":"https:\/\/library.appyard.uk\/en\/wp-json\/wp\/v2\/posts"}],"about":[{"href":"https:\/\/library.appyard.uk\/en\/wp-json\/wp\/v2\/types\/post"}],"replies":[{"embeddable":true,"href":"https:\/\/library.appyard.uk\/en\/wp-json\/wp\/v2\/comments?post=13067"}],"version-history":[{"count":1,"href":"https:\/\/library.appyard.uk\/en\/wp-json\/wp\/v2\/posts\/13067\/revisions"}],"predecessor-version":[{"id":13448,"href":"https:\/\/library.appyard.uk\/en\/wp-json\/wp\/v2\/posts\/13067\/revisions\/13448"}],"wp:featuredmedia":[{"embeddable":true,"href":"https:\/\/library.appyard.uk\/en\/wp-json\/wp\/v2\/media\/12317"}],"wp:attachment":[{"href":"https:\/\/library.appyard.uk\/en\/wp-json\/wp\/v2\/media?parent=13067"}],"wp:term":[{"taxonomy":"category","embeddable":true,"href":"https:\/\/library.appyard.uk\/en\/wp-json\/wp\/v2\/categories?post=13067"},{"taxonomy":"post_tag","embeddable":true,"href":"https:\/\/library.appyard.uk\/en\/wp-json\/wp\/v2\/tags?post=13067"}],"curies":[{"name":"wp","href":"https:\/\/api.w.org\/{rel}","templated":true}]}}