{"id":13066,"date":"2017-02-23T10:20:56","date_gmt":"2017-02-23T10:20:56","guid":{"rendered":"https:\/\/library.appyard.uk\/inauguracja-roku-conrada-w-posku-2\/"},"modified":"2026-08-30T21:21:06","modified_gmt":"2026-08-30T21:21:06","slug":"inauguracja-roku-conrada-w-posku-2","status":"publish","type":"post","link":"https:\/\/library.appyard.uk\/en\/inauguracja-roku-conrada-w-posku-2\/","title":{"rendered":"Inauguracja Roku Conrada w POSKu"},"content":{"rendered":"<p>24 lutego 2017 roku w Sali Malinowej POSK w Londynie, odby\u0142a si\u0119 inauguracja Roku Conrada. Podczas tego wydarzenia sw\u00f3j wyk\u0142ad pt.: \u201e<em>Spiskowcy\u201d\u00a0&#8211; o metodach tajnej policji i sumieniu. Adaptacja powie\u015bci J\u00f3zefa Konrada Korzeniowskiego na scenach Teatru Powszechnego w Warszawie w 1980 r.<\/em>, wyg\u0142osi\u0142a\u00a0Kalina Zalewska. W drugiej cz\u0119\u015bci spotkania odby\u0142a si\u0119 projekcja spektaklu Teatru Powszechnego w Warszawie z 1980 roku, pt.: \u201e<em>Spiskowcy\u201d<\/em>, zrealizowanego na podstawie powie\u015bci J\u00f3zefa Konrada Korzeniowskiego \u201e<em>W oczach Zachodu\u201d.<\/em><\/p>\n<p>Fot.: Magdalena G\u0142ogowska.<\/p>","protected":false},"excerpt":{"rendered":"<p>24 lutego 2017 roku w Sali Malinowej POSK w Londynie, odby\u0142a si\u0119 inauguracja Roku Conrada. Podczas tego wydarzenia sw\u00f3j wyk\u0142ad pt.: \u201eSpiskowcy\u201d\u00a0&#8211; o metodach tajnej policji i sumieniu. Adaptacja powie\u015bci J\u00f3zefa Konrada Korzeniowskiego na scenach Teatru Powszechnego w Warszawie w 1980 r., wyg\u0142osi\u0142a\u00a0Kalina Zalewska. W drugiej cz\u0119\u015bci spotkania odby\u0142a si\u0119 projekcja spektaklu Teatru Powszechnego w [&hellip;]<\/p>\n","protected":false},"author":0,"featured_media":12218,"comment_status":"closed","ping_status":"open","sticky":false,"template":"","format":"standard","meta":{"_breakdance_hide_in_design_set":false,"_breakdance_tags":"","footnotes":""},"categories":[82],"tags":[97,111,178,175,179,176,177],"class_list":["post-13066","post","type-post","status-publish","format-standard","has-post-thumbnail","hentry","category-spotkania","tag-dobroslawa-platt","tag-joseph-conrad","tag-jozef-konrad-korzeniowski","tag-kalina-zalewska","tag-rok-conrada","tag-spiskowcy","tag-w-oczach-zachodu"],"meta_box":{"event_date":"","event_location":"","event_gallery":[],"external_link":""},"_links":{"self":[{"href":"https:\/\/library.appyard.uk\/en\/wp-json\/wp\/v2\/posts\/13066","targetHints":{"allow":["GET"]}}],"collection":[{"href":"https:\/\/library.appyard.uk\/en\/wp-json\/wp\/v2\/posts"}],"about":[{"href":"https:\/\/library.appyard.uk\/en\/wp-json\/wp\/v2\/types\/post"}],"replies":[{"embeddable":true,"href":"https:\/\/library.appyard.uk\/en\/wp-json\/wp\/v2\/comments?post=13066"}],"version-history":[{"count":1,"href":"https:\/\/library.appyard.uk\/en\/wp-json\/wp\/v2\/posts\/13066\/revisions"}],"predecessor-version":[{"id":13447,"href":"https:\/\/library.appyard.uk\/en\/wp-json\/wp\/v2\/posts\/13066\/revisions\/13447"}],"wp:featuredmedia":[{"embeddable":true,"href":"https:\/\/library.appyard.uk\/en\/wp-json\/wp\/v2\/media\/12218"}],"wp:attachment":[{"href":"https:\/\/library.appyard.uk\/en\/wp-json\/wp\/v2\/media?parent=13066"}],"wp:term":[{"taxonomy":"category","embeddable":true,"href":"https:\/\/library.appyard.uk\/en\/wp-json\/wp\/v2\/categories?post=13066"},{"taxonomy":"post_tag","embeddable":true,"href":"https:\/\/library.appyard.uk\/en\/wp-json\/wp\/v2\/tags?post=13066"}],"curies":[{"name":"wp","href":"https:\/\/api.w.org\/{rel}","templated":true}]}}