{"id":13060,"date":"2016-06-18T18:00:14","date_gmt":"2016-06-18T18:00:14","guid":{"rendered":"https:\/\/library.appyard.uk\/2694-2\/"},"modified":"2026-08-30T21:21:06","modified_gmt":"2026-08-30T21:21:06","slug":"2694-2","status":"publish","type":"post","link":"https:\/\/library.appyard.uk\/en\/2694-2\/","title":{"rendered":"Spotkanie z prof. dr hab. Andrzejem Nowakiem &#8211; Polityka i historia"},"content":{"rendered":"<p>Jakie s\u0105 powody zajmowania si\u0119 histori\u0105? Czym jest polityka historyczna? Jakie s\u0105 jej cele,\u00a0i jakie konsekwencje? Kto powinien si\u0119 ni\u0105 zajmowa\u0107, i dlaczego? Odpowied\u017a na te i inne pytania, zar\u00f3wno w\u00a0\u00a0kontekscie hitorycznym,\u00a0jak i wsp\u00f3\u0142czesnym, zawar\u0142 Profesor Nowak w swoim fascynujacym wyk\u0142adzie, kt\u00f3ry wyg\u0142osi\u0142 22 czerwca\u00a0w sali Malinowej POSK-u. Na spotkaniu na kr\u00f3tk\u0105 chwil\u0119\u00a0pojawi\u0142 si\u0119\u00a0tak\u017ce Pan Marcin Wolski &#8211;\u00a0pisarz, dziennikarz i satyryk.<\/p>\n<p>Prof. Andrzej Nowak urodzi\u0142 si\u0119 w 1960 r. w Krakowie. Profesor doktor habilitowany, historyk, sowietolog, znawca stosunk\u00f3w polsko-rosyjskich. Kierownik Zak\u0142adu Historii Europy Wschodniej i Studi\u00f3w nad Imperiami XIX i XX wieku w Instytucie Historii PAN, kierownik Zak\u0142adu Historii Europy Wschodniej na Uniwersytecie Jagiello\u0144skim. Specjalizuje si\u0119 w dziejach rosyjskiej my\u015bli politycznej oraz stosunkach polsko-rosyjskich w XIX i XX w. Autor esej\u00f3w i artyku\u0142\u00f3w w albumach wydawnictwa Bia\u0142y Kruk, a tak\u017ce samodzielnych ksi\u0105\u017cek, m. in. ostatnio wydanej\u00a0<em>Historia i polityka<\/em> (Krakow 2016).<\/p>\n<p>&nbsp;<\/p>","protected":false},"excerpt":{"rendered":"<p>Jakie s\u0105 powody zajmowania si\u0119 histori\u0105? Czym jest polityka historyczna? Jakie s\u0105 jej cele,\u00a0i jakie konsekwencje? Kto powinien si\u0119 ni\u0105 zajmowa\u0107, i dlaczego? Odpowied\u017a na te i inne pytania, zar\u00f3wno w\u00a0\u00a0kontekscie hitorycznym,\u00a0jak i wsp\u00f3\u0142czesnym, zawar\u0142 Profesor Nowak w swoim fascynujacym wyk\u0142adzie, kt\u00f3ry wyg\u0142osi\u0142 22 czerwca\u00a0w sali Malinowej POSK-u. Na spotkaniu na kr\u00f3tk\u0105 chwil\u0119\u00a0pojawi\u0142 si\u0119\u00a0tak\u017ce Pan [&hellip;]<\/p>\n","protected":false},"author":0,"featured_media":10341,"comment_status":"closed","ping_status":"open","sticky":false,"template":"","format":"standard","meta":{"_breakdance_hide_in_design_set":false,"_breakdance_tags":"","footnotes":""},"categories":[],"tags":[],"class_list":["post-13060","post","type-post","status-publish","format-standard","has-post-thumbnail","hentry"],"meta_box":{"event_date":"","event_location":"","event_gallery":[],"external_link":""},"_links":{"self":[{"href":"https:\/\/library.appyard.uk\/en\/wp-json\/wp\/v2\/posts\/13060","targetHints":{"allow":["GET"]}}],"collection":[{"href":"https:\/\/library.appyard.uk\/en\/wp-json\/wp\/v2\/posts"}],"about":[{"href":"https:\/\/library.appyard.uk\/en\/wp-json\/wp\/v2\/types\/post"}],"replies":[{"embeddable":true,"href":"https:\/\/library.appyard.uk\/en\/wp-json\/wp\/v2\/comments?post=13060"}],"version-history":[{"count":1,"href":"https:\/\/library.appyard.uk\/en\/wp-json\/wp\/v2\/posts\/13060\/revisions"}],"predecessor-version":[{"id":13441,"href":"https:\/\/library.appyard.uk\/en\/wp-json\/wp\/v2\/posts\/13060\/revisions\/13441"}],"wp:featuredmedia":[{"embeddable":true,"href":"https:\/\/library.appyard.uk\/en\/wp-json\/wp\/v2\/media\/10341"}],"wp:attachment":[{"href":"https:\/\/library.appyard.uk\/en\/wp-json\/wp\/v2\/media?parent=13060"}],"wp:term":[{"taxonomy":"category","embeddable":true,"href":"https:\/\/library.appyard.uk\/en\/wp-json\/wp\/v2\/categories?post=13060"},{"taxonomy":"post_tag","embeddable":true,"href":"https:\/\/library.appyard.uk\/en\/wp-json\/wp\/v2\/tags?post=13060"}],"curies":[{"name":"wp","href":"https:\/\/api.w.org\/{rel}","templated":true}]}}