{"id":13056,"date":"2016-03-04T16:00:33","date_gmt":"2016-03-04T16:00:33","guid":{"rendered":"https:\/\/library.appyard.uk\/spotkanie-poswiecone-ks-dr-stanislawowi-belchowi\/"},"modified":"2026-08-30T21:21:06","modified_gmt":"2026-08-30T21:21:06","slug":"spotkanie-poswiecone-ks-dr-stanislawowi-belchowi","status":"publish","type":"post","link":"https:\/\/library.appyard.uk\/en\/spotkanie-poswiecone-ks-dr-stanislawowi-belchowi\/","title":{"rendered":"Spotkanie po\u015bwi\u0119cone ks. dr Stanis\u0142awowi Be\u0142chowi"},"content":{"rendered":"<p>4 marca 2016 odby\u0142o si\u0119 spotkanie po\u015bwi\u0119cone ks. dr Stanis\u0142awowi Be\u0142chowi, o kt\u00f3rego charyzmacie i dzie\u0142ach \u017cycia m\u00f3wi\u0142 Wojciech P\u0142azak, przewodnicz\u0105cy Fundacji Veritas.<br \/>\nFot.: El\u017cbieta Pag\u00f3r<\/p>","protected":false},"excerpt":{"rendered":"<p>4 marca 2016 odby\u0142o si\u0119 spotkanie po\u015bwi\u0119cone ks. dr Stanis\u0142awowi Be\u0142chowi, o kt\u00f3rego charyzmacie i dzie\u0142ach \u017cycia m\u00f3wi\u0142 Wojciech P\u0142azak, przewodnicz\u0105cy Fundacji Veritas. Fot.: El\u017cbieta Pag\u00f3r<\/p>","protected":false},"author":0,"featured_media":9937,"comment_status":"closed","ping_status":"open","sticky":false,"template":"","format":"standard","meta":{"_breakdance_hide_in_design_set":false,"_breakdance_tags":"","footnotes":""},"categories":[82],"tags":[97,166,167],"class_list":["post-13056","post","type-post","status-publish","format-standard","has-post-thumbnail","hentry","category-spotkania","tag-dobroslawa-platt","tag-ks-stanislaw-belch","tag-wojciech-plazak"],"meta_box":{"event_date":"","event_location":"","event_gallery":[],"external_link":""},"_links":{"self":[{"href":"https:\/\/library.appyard.uk\/en\/wp-json\/wp\/v2\/posts\/13056","targetHints":{"allow":["GET"]}}],"collection":[{"href":"https:\/\/library.appyard.uk\/en\/wp-json\/wp\/v2\/posts"}],"about":[{"href":"https:\/\/library.appyard.uk\/en\/wp-json\/wp\/v2\/types\/post"}],"replies":[{"embeddable":true,"href":"https:\/\/library.appyard.uk\/en\/wp-json\/wp\/v2\/comments?post=13056"}],"version-history":[{"count":1,"href":"https:\/\/library.appyard.uk\/en\/wp-json\/wp\/v2\/posts\/13056\/revisions"}],"predecessor-version":[{"id":13437,"href":"https:\/\/library.appyard.uk\/en\/wp-json\/wp\/v2\/posts\/13056\/revisions\/13437"}],"wp:featuredmedia":[{"embeddable":true,"href":"https:\/\/library.appyard.uk\/en\/wp-json\/wp\/v2\/media\/9937"}],"wp:attachment":[{"href":"https:\/\/library.appyard.uk\/en\/wp-json\/wp\/v2\/media?parent=13056"}],"wp:term":[{"taxonomy":"category","embeddable":true,"href":"https:\/\/library.appyard.uk\/en\/wp-json\/wp\/v2\/categories?post=13056"},{"taxonomy":"post_tag","embeddable":true,"href":"https:\/\/library.appyard.uk\/en\/wp-json\/wp\/v2\/tags?post=13056"}],"curies":[{"name":"wp","href":"https:\/\/api.w.org\/{rel}","templated":true}]}}