{"id":13055,"date":"2016-02-21T11:58:52","date_gmt":"2016-02-21T11:58:52","guid":{"rendered":"https:\/\/library.appyard.uk\/spotkanie-poswiecone-stanislawowi-catowi-mackiewiczowi\/"},"modified":"2026-08-30T21:21:06","modified_gmt":"2026-08-30T21:21:06","slug":"spotkanie-poswiecone-stanislawowi-catowi-mackiewiczowi","status":"publish","type":"post","link":"https:\/\/library.appyard.uk\/en\/spotkanie-poswiecone-stanislawowi-catowi-mackiewiczowi\/","title":{"rendered":"Spotkanie po\u015bwi\u0119cone Stanis\u0142awowi Catowi-Mackiewiczowi"},"content":{"rendered":"<p>21 lutego 2016 odby\u0142o si\u0119 spotkanie po\u015bwi\u0119cone Stanis\u0142awowi Catowi-Mackiewiczowi. Podczas spotkania mo\u017cna by\u0142o zobaczy\u0107 film pt.: Reakcjonista &#8211; Stanis\u0142aw Cat-Mackiewicz, w re\u017cyserii Grzegorza Brauna. W drugiej cz\u0119\u015bci spotkania swoje wyst\u0105pienie, pt.: My\u015bl polityczna Stanis\u0142awa Cata-Mackiewicza, mia\u0142 prof. dr hab. Jacek Bartyzel z Uniwersytetu Miko\u0142aja Kopernika w Toruniu. Ca\u0142e spotkanie cieszy\u0142o si\u0119 du\u017cym zainteresowaniem.<br \/>\nFot.: Justyna W\u0119glarz<\/p>","protected":false},"excerpt":{"rendered":"<p>21 lutego 2016 odby\u0142o si\u0119 spotkanie po\u015bwi\u0119cone Stanis\u0142awowi Catowi-Mackiewiczowi. Podczas spotkania mo\u017cna by\u0142o zobaczy\u0107 film pt.: Reakcjonista &#8211; Stanis\u0142aw Cat-Mackiewicz, w re\u017cyserii Grzegorza Brauna. W drugiej cz\u0119\u015bci spotkania swoje wyst\u0105pienie, pt.: My\u015bl polityczna Stanis\u0142awa Cata-Mackiewicza, mia\u0142 prof. dr hab. Jacek Bartyzel z Uniwersytetu Miko\u0142aja Kopernika w Toruniu. Ca\u0142e spotkanie cieszy\u0142o si\u0119 du\u017cym zainteresowaniem. Fot.: Justyna [&hellip;]<\/p>\n","protected":false},"author":0,"featured_media":9854,"comment_status":"closed","ping_status":"open","sticky":false,"template":"","format":"standard","meta":{"_breakdance_hide_in_design_set":false,"_breakdance_tags":"","footnotes":""},"categories":[82],"tags":[97,161,162,160],"class_list":["post-13055","post","type-post","status-publish","format-standard","has-post-thumbnail","hentry","category-spotkania","tag-dobroslawa-platt","tag-grzegorz-braun","tag-jacek-bartyzel","tag-stanislaw-cat-mackiewicz"],"meta_box":{"event_date":"","event_location":"","event_gallery":[],"external_link":""},"_links":{"self":[{"href":"https:\/\/library.appyard.uk\/en\/wp-json\/wp\/v2\/posts\/13055","targetHints":{"allow":["GET"]}}],"collection":[{"href":"https:\/\/library.appyard.uk\/en\/wp-json\/wp\/v2\/posts"}],"about":[{"href":"https:\/\/library.appyard.uk\/en\/wp-json\/wp\/v2\/types\/post"}],"replies":[{"embeddable":true,"href":"https:\/\/library.appyard.uk\/en\/wp-json\/wp\/v2\/comments?post=13055"}],"version-history":[{"count":1,"href":"https:\/\/library.appyard.uk\/en\/wp-json\/wp\/v2\/posts\/13055\/revisions"}],"predecessor-version":[{"id":13436,"href":"https:\/\/library.appyard.uk\/en\/wp-json\/wp\/v2\/posts\/13055\/revisions\/13436"}],"wp:featuredmedia":[{"embeddable":true,"href":"https:\/\/library.appyard.uk\/en\/wp-json\/wp\/v2\/media\/9854"}],"wp:attachment":[{"href":"https:\/\/library.appyard.uk\/en\/wp-json\/wp\/v2\/media?parent=13055"}],"wp:term":[{"taxonomy":"category","embeddable":true,"href":"https:\/\/library.appyard.uk\/en\/wp-json\/wp\/v2\/categories?post=13055"},{"taxonomy":"post_tag","embeddable":true,"href":"https:\/\/library.appyard.uk\/en\/wp-json\/wp\/v2\/tags?post=13055"}],"curies":[{"name":"wp","href":"https:\/\/api.w.org\/{rel}","templated":true}]}}