{"id":13054,"date":"2016-01-30T11:56:01","date_gmt":"2016-01-30T11:56:01","guid":{"rendered":"https:\/\/library.appyard.uk\/spotkanie-z-marta-gessek\/"},"modified":"2026-08-30T21:21:06","modified_gmt":"2026-08-30T21:21:06","slug":"spotkanie-z-marta-gessek","status":"publish","type":"post","link":"https:\/\/library.appyard.uk\/en\/spotkanie-z-marta-gessek\/","title":{"rendered":"Spotkanie z Mart\u0105 Gessek"},"content":{"rendered":"<p>30 stycznia odby\u0142o si\u0119 spotkanie z\u00a0 Mart\u0105 Gessek pt.: <em>\u201eWieniec z na\u0142amanych s\u0142\u00f3w\u201d &#8211; kilka refleksji wok\u00f3\u0142 poezji Bronis\u0142awa Przy\u0142uskiego. <\/em>Wiersze Bronis\u0142awa Przy\u0142uskiego czyta\u0142 Janusz Guttner. W spotkaniu wzi\u0119\u0142a udzia\u0142 rodzina poety: jego dwie c\u00f3rki, wnukowie i prawnukowie oraz pani Barbara Ga\u017adzik. Prawnuczka Sophie czyta\u0142a na zako\u0144czenie wiersz w\u0142asnego autorstwa.<\/p>\n<p>&nbsp;<\/p>\n<p>Fot.: Daria i Jakub Kuczy\u0144scy<\/p>\n<p>&nbsp;<\/p>\n<p>&nbsp;<\/p>\n<p>&nbsp;<\/p>","protected":false},"excerpt":{"rendered":"<p>30 stycznia odby\u0142o si\u0119 spotkanie z\u00a0 Mart\u0105 Gessek pt.: \u201eWieniec z na\u0142amanych s\u0142\u00f3w\u201d &#8211; kilka refleksji wok\u00f3\u0142 poezji Bronis\u0142awa Przy\u0142uskiego. Wiersze Bronis\u0142awa Przy\u0142uskiego czyta\u0142 Janusz Guttner. W spotkaniu wzi\u0119\u0142a udzia\u0142 rodzina poety: jego dwie c\u00f3rki, wnukowie i prawnukowie oraz pani Barbara Ga\u017adzik. Prawnuczka Sophie czyta\u0142a na zako\u0144czenie wiersz w\u0142asnego autorstwa. &nbsp; Fot.: Daria i Jakub [&hellip;]<\/p>\n","protected":false},"author":0,"featured_media":9877,"comment_status":"closed","ping_status":"open","sticky":false,"template":"","format":"standard","meta":{"_breakdance_hide_in_design_set":false,"_breakdance_tags":"","footnotes":""},"categories":[82],"tags":[148,147,146],"class_list":["post-13054","post","type-post","status-publish","format-standard","has-post-thumbnail","hentry","category-spotkania","tag-bronislaw-przyluski","tag-janusz-guttner","tag-marta-gessek"],"meta_box":{"event_date":"","event_location":"","event_gallery":[],"external_link":""},"_links":{"self":[{"href":"https:\/\/library.appyard.uk\/en\/wp-json\/wp\/v2\/posts\/13054","targetHints":{"allow":["GET"]}}],"collection":[{"href":"https:\/\/library.appyard.uk\/en\/wp-json\/wp\/v2\/posts"}],"about":[{"href":"https:\/\/library.appyard.uk\/en\/wp-json\/wp\/v2\/types\/post"}],"replies":[{"embeddable":true,"href":"https:\/\/library.appyard.uk\/en\/wp-json\/wp\/v2\/comments?post=13054"}],"version-history":[{"count":1,"href":"https:\/\/library.appyard.uk\/en\/wp-json\/wp\/v2\/posts\/13054\/revisions"}],"predecessor-version":[{"id":13435,"href":"https:\/\/library.appyard.uk\/en\/wp-json\/wp\/v2\/posts\/13054\/revisions\/13435"}],"wp:featuredmedia":[{"embeddable":true,"href":"https:\/\/library.appyard.uk\/en\/wp-json\/wp\/v2\/media\/9877"}],"wp:attachment":[{"href":"https:\/\/library.appyard.uk\/en\/wp-json\/wp\/v2\/media?parent=13054"}],"wp:term":[{"taxonomy":"category","embeddable":true,"href":"https:\/\/library.appyard.uk\/en\/wp-json\/wp\/v2\/categories?post=13054"},{"taxonomy":"post_tag","embeddable":true,"href":"https:\/\/library.appyard.uk\/en\/wp-json\/wp\/v2\/tags?post=13054"}],"curies":[{"name":"wp","href":"https:\/\/api.w.org\/{rel}","templated":true}]}}