{"id":13051,"date":"2015-11-17T10:52:21","date_gmt":"2015-11-17T10:52:21","guid":{"rendered":"https:\/\/library.appyard.uk\/wieczor-poswiecony-ksiedzu-kardynalowi-wladyslawowi-rubinowi\/"},"modified":"2026-08-30T21:21:06","modified_gmt":"2026-08-30T21:21:06","slug":"wieczor-poswiecony-ksiedzu-kardynalowi-wladyslawowi-rubinowi","status":"publish","type":"post","link":"https:\/\/library.appyard.uk\/en\/wieczor-poswiecony-ksiedzu-kardynalowi-wladyslawowi-rubinowi\/","title":{"rendered":"Wiecz\u00f3r po\u015bwi\u0119cony Ksi\u0119dzu Kardyna\u0142owi W\u0142adys\u0142awowi Rubinowi"},"content":{"rendered":"<p><span class=\"fbPhotoCaptionText\">17 listopada 2015 odby\u0142 si\u0119 wiecz\u00f3r po\u015bwi\u0119cony Ksi\u0119dzu Kardyna\u0142owi W\u0142adys\u0142awowi Rubinowi. W czasie trwania spotkania swoje wyst\u0105pienia zaprezentowali: <\/span>pra\u0142at dr W\u0142adys\u0142aw Wyszowadzki &#8211; <em>Kardyna\u0142 W\u0142adys\u0142aw Rubin &#8211; opiekun duchowy emigracji<\/em>; Irena Gody\u0144 &#8211; <em>Ze\u00a0wspomnie\u0144 lat liba\u0144skich<\/em>; Kazimierz Stepan &#8211; <em>Ze wspomnie\u0144 w\u0142asnych. <\/em>Dodatkowo mo\u017cna by\u0142o podziwia\u0107 wernisa\u017c wystawy przygotowanej przez Jadwig\u0119 Kowalsk\u0105 i Andrzeja Suchcitza &#8211; <em>W\u0142adys\u0142aw Rubin &#8211; przyjaciel, nauczyciel, kardyna\u0142.<\/em><\/p>\n<p>Fot.: Monika P\u0142uciennik<\/p>","protected":false},"excerpt":{"rendered":"<p>17 listopada 2015 odby\u0142 si\u0119 wiecz\u00f3r po\u015bwi\u0119cony Ksi\u0119dzu Kardyna\u0142owi W\u0142adys\u0142awowi Rubinowi. W czasie trwania spotkania swoje wyst\u0105pienia zaprezentowali: pra\u0142at dr W\u0142adys\u0142aw Wyszowadzki &#8211; Kardyna\u0142 W\u0142adys\u0142aw Rubin &#8211; opiekun duchowy emigracji; Irena Gody\u0144 &#8211; Ze\u00a0wspomnie\u0144 lat liba\u0144skich; Kazimierz Stepan &#8211; Ze wspomnie\u0144 w\u0142asnych. Dodatkowo mo\u017cna by\u0142o podziwia\u0107 wernisa\u017c wystawy przygotowanej przez Jadwig\u0119 Kowalsk\u0105 i Andrzeja Suchcitza [&hellip;]<\/p>\n","protected":false},"author":0,"featured_media":11042,"comment_status":"closed","ping_status":"open","sticky":false,"template":"","format":"standard","meta":{"_breakdance_hide_in_design_set":false,"_breakdance_tags":"","footnotes":""},"categories":[80],"tags":[136,134,137,135],"class_list":["post-13051","post","type-post","status-publish","format-standard","has-post-thumbnail","hentry","category-wydarzenia","tag-irena-godyn","tag-kard-wladyslaw-rubin","tag-kazimierz-stepan","tag-ks-wladyslaw-wyszowadzki"],"meta_box":{"event_date":"","event_location":"","event_gallery":[],"external_link":""},"_links":{"self":[{"href":"https:\/\/library.appyard.uk\/en\/wp-json\/wp\/v2\/posts\/13051","targetHints":{"allow":["GET"]}}],"collection":[{"href":"https:\/\/library.appyard.uk\/en\/wp-json\/wp\/v2\/posts"}],"about":[{"href":"https:\/\/library.appyard.uk\/en\/wp-json\/wp\/v2\/types\/post"}],"replies":[{"embeddable":true,"href":"https:\/\/library.appyard.uk\/en\/wp-json\/wp\/v2\/comments?post=13051"}],"version-history":[{"count":1,"href":"https:\/\/library.appyard.uk\/en\/wp-json\/wp\/v2\/posts\/13051\/revisions"}],"predecessor-version":[{"id":13432,"href":"https:\/\/library.appyard.uk\/en\/wp-json\/wp\/v2\/posts\/13051\/revisions\/13432"}],"wp:featuredmedia":[{"embeddable":true,"href":"https:\/\/library.appyard.uk\/en\/wp-json\/wp\/v2\/media\/11042"}],"wp:attachment":[{"href":"https:\/\/library.appyard.uk\/en\/wp-json\/wp\/v2\/media?parent=13051"}],"wp:term":[{"taxonomy":"category","embeddable":true,"href":"https:\/\/library.appyard.uk\/en\/wp-json\/wp\/v2\/categories?post=13051"},{"taxonomy":"post_tag","embeddable":true,"href":"https:\/\/library.appyard.uk\/en\/wp-json\/wp\/v2\/tags?post=13051"}],"curies":[{"name":"wp","href":"https:\/\/api.w.org\/{rel}","templated":true}]}}