{"id":13049,"date":"2015-10-18T11:23:38","date_gmt":"2015-10-18T11:23:38","guid":{"rendered":"https:\/\/library.appyard.uk\/otwarcie-wystawy-dziel-janiny-baranowskiej\/"},"modified":"2026-08-30T21:21:06","modified_gmt":"2026-08-30T21:21:06","slug":"otwarcie-wystawy-dziel-janiny-baranowskiej","status":"publish","type":"post","link":"https:\/\/library.appyard.uk\/en\/otwarcie-wystawy-dziel-janiny-baranowskiej\/","title":{"rendered":"Otwarcie wystawy dzie\u0142 Janiny Baranowskiej"},"content":{"rendered":"<p><span class=\"fbPhotoCaptionText\">18 pa\u017adziernika 2015 o godz. 17:00 w Galerii POSK, odby\u0142o si\u0119 uroczyste otwarcie wystawy: &#8222;Jak maluj\u0119, jestem szcz\u0119\u015bliwa. Janina Baranowska&#8221;. Obrazy i grafiki by\u0142y eksponowane w dniach od 19 pa\u017adziernika do 5 listopada. Ca\u0142a wystawa cieszy\u0142a si\u0119 ogromn\u0105 popularno\u015bci\u0105.<\/span><\/p>\n<p>Fot.: Ma\u0142gorzata Bugaj-Martynowska<\/p>\n<p>&nbsp;<\/p>","protected":false},"excerpt":{"rendered":"<p>18 pa\u017adziernika 2015 o godz. 17:00 w Galerii POSK, odby\u0142o si\u0119 uroczyste otwarcie wystawy: &#8222;Jak maluj\u0119, jestem szcz\u0119\u015bliwa. Janina Baranowska&#8221;. Obrazy i grafiki by\u0142y eksponowane w dniach od 19 pa\u017adziernika do 5 listopada. Ca\u0142a wystawa cieszy\u0142a si\u0119 ogromn\u0105 popularno\u015bci\u0105. Fot.: Ma\u0142gorzata Bugaj-Martynowska &nbsp;<\/p>","protected":false},"author":0,"featured_media":10317,"comment_status":"closed","ping_status":"open","sticky":false,"template":"","format":"standard","meta":{"_breakdance_hide_in_design_set":false,"_breakdance_tags":"","footnotes":""},"categories":[86],"tags":[105,97,152,153],"class_list":["post-13049","post","type-post","status-publish","format-standard","has-post-thumbnail","hentry","category-wystawy","tag-andrzej-zakrzewski","tag-dobroslawa-platt","tag-janina-baranowska","tag-joanna-ciechanowska"],"meta_box":{"event_date":"","event_location":"","event_gallery":[],"external_link":""},"_links":{"self":[{"href":"https:\/\/library.appyard.uk\/en\/wp-json\/wp\/v2\/posts\/13049","targetHints":{"allow":["GET"]}}],"collection":[{"href":"https:\/\/library.appyard.uk\/en\/wp-json\/wp\/v2\/posts"}],"about":[{"href":"https:\/\/library.appyard.uk\/en\/wp-json\/wp\/v2\/types\/post"}],"replies":[{"embeddable":true,"href":"https:\/\/library.appyard.uk\/en\/wp-json\/wp\/v2\/comments?post=13049"}],"version-history":[{"count":1,"href":"https:\/\/library.appyard.uk\/en\/wp-json\/wp\/v2\/posts\/13049\/revisions"}],"predecessor-version":[{"id":13430,"href":"https:\/\/library.appyard.uk\/en\/wp-json\/wp\/v2\/posts\/13049\/revisions\/13430"}],"wp:featuredmedia":[{"embeddable":true,"href":"https:\/\/library.appyard.uk\/en\/wp-json\/wp\/v2\/media\/10317"}],"wp:attachment":[{"href":"https:\/\/library.appyard.uk\/en\/wp-json\/wp\/v2\/media?parent=13049"}],"wp:term":[{"taxonomy":"category","embeddable":true,"href":"https:\/\/library.appyard.uk\/en\/wp-json\/wp\/v2\/categories?post=13049"},{"taxonomy":"post_tag","embeddable":true,"href":"https:\/\/library.appyard.uk\/en\/wp-json\/wp\/v2\/tags?post=13049"}],"curies":[{"name":"wp","href":"https:\/\/api.w.org\/{rel}","templated":true}]}}