{"id":13047,"date":"2015-09-09T09:24:03","date_gmt":"2015-09-09T09:24:03","guid":{"rendered":"https:\/\/library.appyard.uk\/xxxvii-sesja-stalej-konferencji-muzeow-archiwow-i-bibliotek-polskich-na-zachodzie\/"},"modified":"2026-08-30T21:21:05","modified_gmt":"2026-08-30T21:21:05","slug":"xxxvii-sesja-stalej-konferencji-muzeow-archiwow-i-bibliotek-polskich-na-zachodzie","status":"publish","type":"post","link":"https:\/\/library.appyard.uk\/en\/xxxvii-sesja-stalej-konferencji-muzeow-archiwow-i-bibliotek-polskich-na-zachodzie\/","title":{"rendered":"XXXVII Sesja Sta\u0142ej Konferencji Muze\u00f3w, Archiw\u00f3w i Bibliotek Polskich na Zachodzie"},"content":{"rendered":"<p>W dniach <strong>od 02.09 do 06.09<\/strong> Dr Dobros\u0142awa Platt, Dyrektor Biblioteki i Grzegorz Pisarski, skarbnik MAB-u, wzi\u0119li udzia\u0142 w <strong>XXXVII Sesji Sta\u0142ej Konferencji Muze\u00f3w, Archiw\u00f3w i Bibliotek Polskich na Zachodzie<\/strong>, kt\u00f3ra odby\u0142a si\u0119 w Rapperswilu.<\/p>\n<p>Zobacz program konferencji: <a href=\"http:\/\/mabpz.org\/program%20sesji%202015-ostateczny.pdf\" target=\"_blank\">Konferencja MAB<\/a><\/p>","protected":false},"excerpt":{"rendered":"<p>W dniach od 02.09 do 06.09 Dr Dobros\u0142awa Platt, Dyrektor Biblioteki i Grzegorz Pisarski, skarbnik MAB-u, wzi\u0119li udzia\u0142 w XXXVII Sesji Sta\u0142ej Konferencji Muze\u00f3w, Archiw\u00f3w i Bibliotek Polskich na Zachodzie, kt\u00f3ra odby\u0142a si\u0119 w Rapperswilu. Zobacz program konferencji: Konferencja MAB<\/p>","protected":false},"author":0,"featured_media":11119,"comment_status":"closed","ping_status":"open","sticky":false,"template":"","format":"standard","meta":{"_breakdance_hide_in_design_set":false,"_breakdance_tags":"","footnotes":""},"categories":[83,80],"tags":[97,110],"class_list":["post-13047","post","type-post","status-publish","format-standard","has-post-thumbnail","hentry","category-konferencje","category-wydarzenia","tag-dobroslawa-platt","tag-grzegorz-pisarski"],"meta_box":{"event_date":"","event_location":"","event_gallery":[],"external_link":""},"_links":{"self":[{"href":"https:\/\/library.appyard.uk\/en\/wp-json\/wp\/v2\/posts\/13047","targetHints":{"allow":["GET"]}}],"collection":[{"href":"https:\/\/library.appyard.uk\/en\/wp-json\/wp\/v2\/posts"}],"about":[{"href":"https:\/\/library.appyard.uk\/en\/wp-json\/wp\/v2\/types\/post"}],"replies":[{"embeddable":true,"href":"https:\/\/library.appyard.uk\/en\/wp-json\/wp\/v2\/comments?post=13047"}],"version-history":[{"count":1,"href":"https:\/\/library.appyard.uk\/en\/wp-json\/wp\/v2\/posts\/13047\/revisions"}],"predecessor-version":[{"id":13428,"href":"https:\/\/library.appyard.uk\/en\/wp-json\/wp\/v2\/posts\/13047\/revisions\/13428"}],"wp:featuredmedia":[{"embeddable":true,"href":"https:\/\/library.appyard.uk\/en\/wp-json\/wp\/v2\/media\/11119"}],"wp:attachment":[{"href":"https:\/\/library.appyard.uk\/en\/wp-json\/wp\/v2\/media?parent=13047"}],"wp:term":[{"taxonomy":"category","embeddable":true,"href":"https:\/\/library.appyard.uk\/en\/wp-json\/wp\/v2\/categories?post=13047"},{"taxonomy":"post_tag","embeddable":true,"href":"https:\/\/library.appyard.uk\/en\/wp-json\/wp\/v2\/tags?post=13047"}],"curies":[{"name":"wp","href":"https:\/\/api.w.org\/{rel}","templated":true}]}}