{"id":13046,"date":"2015-06-25T11:04:51","date_gmt":"2015-06-25T11:04:51","guid":{"rendered":"https:\/\/library.appyard.uk\/spotkanie-z-andrzejem-kunertem\/"},"modified":"2026-08-30T21:21:05","modified_gmt":"2026-08-30T21:21:05","slug":"spotkanie-z-andrzejem-kunertem","status":"publish","type":"post","link":"https:\/\/library.appyard.uk\/en\/spotkanie-z-andrzejem-kunertem\/","title":{"rendered":"Spotkanie z Andrzejem Kunertem"},"content":{"rendered":"<p><span title=\"\">25 czerwca 2015 odby\u0142o si\u0119 spotkanie z Andrzejem Kunertem <\/span><span title=\"\">pt.: <strong><em>Pami\u0119\u0107 II Wojny \u015awiatowej. W 70\u00a0rocznic\u0119 jej zako\u0144czenia. <\/em><\/strong>Podczas spotkania zaproszony go\u015b\u0107, wraz z Konsulem Generalnym RP Ireneuszem Truszkowskim, wr\u0119czyli pani Dyrektor Dobros\u0142awie Platt <strong>Z\u0142oty Medal Opiekuna Miejsc Pami\u0119ci Narodowej<\/strong>, odznaczenie nadawane przez<strong> Rad\u0119 Ochrony Pami\u0119ci Walk\u00a0i M\u0119cze\u0144stwa.\u00a0\u00a0<\/strong><\/span> Fot.: Micha\u0142 Topolewski<\/p>","protected":false},"excerpt":{"rendered":"<p>25 czerwca 2015 odby\u0142o si\u0119 spotkanie z Andrzejem Kunertem pt.: Pami\u0119\u0107 II Wojny \u015awiatowej. W 70\u00a0rocznic\u0119 jej zako\u0144czenia. Podczas spotkania zaproszony go\u015b\u0107, wraz z Konsulem Generalnym RP Ireneuszem Truszkowskim, wr\u0119czyli pani Dyrektor Dobros\u0142awie Platt Z\u0142oty Medal Opiekuna Miejsc Pami\u0119ci Narodowej, odznaczenie nadawane przez Rad\u0119 Ochrony Pami\u0119ci Walk\u00a0i M\u0119cze\u0144stwa.\u00a0\u00a0 Fot.: Micha\u0142 Topolewski<\/p>","protected":false},"author":0,"featured_media":11531,"comment_status":"closed","ping_status":"open","sticky":false,"template":"","format":"standard","meta":{"_breakdance_hide_in_design_set":false,"_breakdance_tags":"","footnotes":""},"categories":[82,80],"tags":[95,97,96],"class_list":["post-13046","post","type-post","status-publish","format-standard","has-post-thumbnail","hentry","category-spotkania","category-wydarzenia","tag-andrzej-kunert","tag-dobroslawa-platt","tag-ireneusz-truszkowski"],"meta_box":{"event_date":"","event_location":"","event_gallery":[],"external_link":""},"_links":{"self":[{"href":"https:\/\/library.appyard.uk\/en\/wp-json\/wp\/v2\/posts\/13046","targetHints":{"allow":["GET"]}}],"collection":[{"href":"https:\/\/library.appyard.uk\/en\/wp-json\/wp\/v2\/posts"}],"about":[{"href":"https:\/\/library.appyard.uk\/en\/wp-json\/wp\/v2\/types\/post"}],"replies":[{"embeddable":true,"href":"https:\/\/library.appyard.uk\/en\/wp-json\/wp\/v2\/comments?post=13046"}],"version-history":[{"count":1,"href":"https:\/\/library.appyard.uk\/en\/wp-json\/wp\/v2\/posts\/13046\/revisions"}],"predecessor-version":[{"id":13427,"href":"https:\/\/library.appyard.uk\/en\/wp-json\/wp\/v2\/posts\/13046\/revisions\/13427"}],"wp:featuredmedia":[{"embeddable":true,"href":"https:\/\/library.appyard.uk\/en\/wp-json\/wp\/v2\/media\/11531"}],"wp:attachment":[{"href":"https:\/\/library.appyard.uk\/en\/wp-json\/wp\/v2\/media?parent=13046"}],"wp:term":[{"taxonomy":"category","embeddable":true,"href":"https:\/\/library.appyard.uk\/en\/wp-json\/wp\/v2\/categories?post=13046"},{"taxonomy":"post_tag","embeddable":true,"href":"https:\/\/library.appyard.uk\/en\/wp-json\/wp\/v2\/tags?post=13046"}],"curies":[{"name":"wp","href":"https:\/\/api.w.org\/{rel}","templated":true}]}}